{"id":5396,"date":"2022-11-08T08:24:24","date_gmt":"2022-11-08T07:24:24","guid":{"rendered":"https:\/\/www.prozorivrata.com\/hr\/?p=5396"},"modified":"2022-11-08T08:24:28","modified_gmt":"2022-11-08T07:24:28","slug":"otvorenje-izlobe-inovacije-u-arhitekturi-i-dizajnu","status":"publish","type":"post","link":"https:\/\/www.prozorivrata.com\/hr\/otvorenje-izlobe-inovacije-u-arhitekturi-i-dizajnu\/","title":{"rendered":"Otvorenje izlobe &#8211; Inovacije u arhitekturi i dizajnu"},"content":{"rendered":"\n<p><strong>U utorak, 8. studenoga 2022. u 19 sati galerija Modulor Centra za kulturu Tre\u0161njevka<\/strong> otvara izlo\u017ebu pod nazivom &#8220;Inovacije u arhitekturi i dizajnu&#8221; autora dipl.ing.arh. Ljubomira Mi\u0161\u010devi\u0107a, dipl.diz. Zlatka Kapetanovi\u0107a i dipl.diz. Sanje Benceti\u0107. Izlo\u017eba je prikaz triju tema troje autora koje su odabrali za istra\u017eivanje u okviru Malog umjetni\u010dkog istra\u017eiva\u010dkog projekta Arhitektonskog fakulteta. Ova izlo\u017eba se besplatno mo\u017ee pogledati do 25.11.2022.<\/p>\n\n\n\n<p><strong>O izlo\u017ebi:<\/strong><br>Troje autora ove izlo\u017ebe povezuje vi\u0161egodi\u0161nja suradnja u uzajamnom pra\u0107enju osobnih projekata arhitekture i dizajna, sudjelovanje u aktivnostima za utemeljenje Hrvatskog dizajnerskog dru\u0161tva, kao i Studija dizajna pri Arhitektonskom fakultetu Sveu\u010dili\u0161ta u Zagrebu, za odr\u017eanje i unaprje\u0111enje njegova statusa te sudjelovanje u raznim javnim stru\u010dnim aktivnostima. Posebno ih povezuje rad predava\u010da i voditelja radionica u okviru programa Me\u0111unarodne ljetne \u0161kole arhitekture u Motovunu kroz kolegij Tradicija, kreativnost i odr\u017eivost kao i u radionici Metamorfoza grada 7 + 7 + 7. Razvijan je inovativan koncept radionica. Izvrstan interes i zalaganje studenata rezultirali su visoko ocijenjenim radovima svih generacija koji su javno izlagani i visoko ocijenjeni.<\/p>\n\n\n\n<p>Izlo\u017eba posterima otkriva grafi\u010dke prijelome sli\u010dne stranicama budu\u0107e istoimene publikacije. Izlo\u017eba je popra\u0107ena projekcijom zajedni\u010dkog slide-showa. Postavit \u0107e se nekoliko izlo\u017eaka autora koji svjedo\u010de o vrlo raznolikom vi\u0161egodi\u0161njem radu autora.<\/p>\n\n\n\n<figure class=\"wp-block-image size-full\"><img decoding=\"async\" width=\"940\" height=\"788\" src=\"https:\/\/www.prozorivrata.com\/hr\/wp-content\/uploads\/sites\/4\/2022\/11\/Izlozba-Inovacije-u-arhitekturi-i-dizajnu.jpg\" alt=\"Izlo\u017eba pod nazivom &quot;Inovacije u arhitekturi i dizajnu\" class=\"wp-image-5397\" srcset=\"https:\/\/www.prozorivrata.com\/hr\/wp-content\/uploads\/sites\/4\/2022\/11\/Izlozba-Inovacije-u-arhitekturi-i-dizajnu.jpg 940w, https:\/\/www.prozorivrata.com\/hr\/wp-content\/uploads\/sites\/4\/2022\/11\/Izlozba-Inovacije-u-arhitekturi-i-dizajnu-300x251.jpg 300w, https:\/\/www.prozorivrata.com\/hr\/wp-content\/uploads\/sites\/4\/2022\/11\/Izlozba-Inovacije-u-arhitekturi-i-dizajnu-768x644.jpg 768w, https:\/\/www.prozorivrata.com\/hr\/wp-content\/uploads\/sites\/4\/2022\/11\/Izlozba-Inovacije-u-arhitekturi-i-dizajnu-750x629.jpg 750w\" sizes=\"(max-width: 940px) 100vw, 940px\" \/><figcaption class=\"wp-element-caption\">Izlo\u017eba pod nazivom &#8220;Inovacije u arhitekturi i dizajnu<\/figcaption><\/figure>\n\n\n\n<p>Red.prof.art. <strong>Ljubomir Mi\u0161\u010devi\u0107<\/strong>, dipl.ing.arh. \/ Sveu\u010dili\u0161te u Zagrebu, Arhitektonski fakultet \/ Arhitektura kao industrijski dizajn \u2013 od inovacije do implementacije<\/p>\n\n\n\n<p>Red.prof.art.<strong> Zlatko Kapetanovi\u0107<\/strong>, dipl.diz. \/ Sveu\u010dili\u0161te u Zagrebu, Arhitektonski fakultet, Odsjek \u2013 Studij dizajna \/ Arhitektura i dizajn \u2013 umre\u017eenost inovativne kreativnosti<\/p>\n\n\n\n<p>Izv.prof.art. <strong>Sanja Benceti\u0107<\/strong>, dipl.diz. \/ Sveu\u010dili\u0161te u Zagrebu, Arhitektonski fakultet, Odsjek \u2013 Studij dizajna \/ Inkluzivni dizajn i arhitektura kao inovativni alati za oblikovanje okoline i dru\u0161tvene promjene<\/p>\n\n\n\n<p>Biografije autora izlo\u017ebe mo\u017eete pro\u010ditati <a href=\"https:\/\/cekate.hr\/program\/izlozba-inovacije-u-arhitekturi-i-dizajnu\/\" target=\"_blank\" rel=\"noreferrer noopener\">ovdje.<\/a><\/p>\n\n\n\n<p>Centar za kulturu Tre\u0161njevka<br>Park Stara Tre\u0161njevka 1, Zagreb<br>Sa\u0161a Martinovi\u0107 Kunovi\u0107 \/ Voditeljica galerije Modulor<br>M: 091 30 27 412<br>E: <a href=\"mailto:modulor.cekate@gmail.com\" target=\"_blank\" rel=\"noreferrer noopener\">modulor.cekate@gmail.com<\/a><br><a href=\"http:\/\/www.cekate.hr\" target=\"_blank\" rel=\"noreferrer noopener\">www.cekate.hr<\/a><\/p>\n","protected":false},"excerpt":{"rendered":"<p>U utorak, 8. studenoga 2022. u 19 sati galerija Modulor Centra za kulturu Tre\u0161njevka otvara izlo\u017ebu pod nazivom &#8220;Inovacije u arhitekturi i dizajnu&#8221; autora dipl.ing.arh. Ljubomira Mi\u0161\u010devi\u0107a, dipl.diz. Zlatka Kapetanovi\u0107a i dipl.diz. Sanje Benceti\u0107. Izlo\u017eba je prikaz triju tema troje autora koje su odabrali za istra\u017eivanje u okviru Malog umjetni\u010dkog istra\u017eiva\u010dkog projekta Arhitektonskog fakulteta. Ova [&hellip;]<\/p>\n","protected":false},"author":3,"featured_media":5399,"comment_status":"closed","ping_status":"closed","sticky":false,"template":"","format":"standard","meta":{"_FSMCFIC_featured_image_caption":"","_FSMCFIC_featured_image_nocaption":"","_FSMCFIC_featured_image_hide":"","footnotes":""},"categories":[1],"tags":[423,530,242],"class_list":["post-5396","post","type-post","status-publish","format-standard","has-post-thumbnail","hentry","category-uncategorized","tag-arhitektura","tag-izlozba","tag-ljubomir-miscevic"],"_links":{"self":[{"href":"https:\/\/www.prozorivrata.com\/hr\/wp-json\/wp\/v2\/posts\/5396","targetHints":{"allow":["GET"]}}],"collection":[{"href":"https:\/\/www.prozorivrata.com\/hr\/wp-json\/wp\/v2\/posts"}],"about":[{"href":"https:\/\/www.prozorivrata.com\/hr\/wp-json\/wp\/v2\/types\/post"}],"author":[{"embeddable":true,"href":"https:\/\/www.prozorivrata.com\/hr\/wp-json\/wp\/v2\/users\/3"}],"replies":[{"embeddable":true,"href":"https:\/\/www.prozorivrata.com\/hr\/wp-json\/wp\/v2\/comments?post=5396"}],"version-history":[{"count":2,"href":"https:\/\/www.prozorivrata.com\/hr\/wp-json\/wp\/v2\/posts\/5396\/revisions"}],"predecessor-version":[{"id":5400,"href":"https:\/\/www.prozorivrata.com\/hr\/wp-json\/wp\/v2\/posts\/5396\/revisions\/5400"}],"wp:featuredmedia":[{"embeddable":true,"href":"https:\/\/www.prozorivrata.com\/hr\/wp-json\/wp\/v2\/media\/5399"}],"wp:attachment":[{"href":"https:\/\/www.prozorivrata.com\/hr\/wp-json\/wp\/v2\/media?parent=5396"}],"wp:term":[{"taxonomy":"category","embeddable":true,"href":"https:\/\/www.prozorivrata.com\/hr\/wp-json\/wp\/v2\/categories?post=5396"},{"taxonomy":"post_tag","embeddable":true,"href":"https:\/\/www.prozorivrata.com\/hr\/wp-json\/wp\/v2\/tags?post=5396"}],"curies":[{"name":"wp","href":"https:\/\/api.w.org\/{rel}","templated":true}]}}