{"id":5313,"date":"2022-09-27T07:57:51","date_gmt":"2022-09-27T06:57:51","guid":{"rendered":"https:\/\/www.prozorivrata.com\/hr\/?p=5313"},"modified":"2022-09-27T08:01:48","modified_gmt":"2022-09-27T07:01:48","slug":"jubilej-125-godina-marke-kommerling-i-25-godina-profine-croatia","status":"publish","type":"post","link":"https:\/\/www.prozorivrata.com\/hr\/jubilej-125-godina-marke-kommerling-i-25-godina-profine-croatia\/","title":{"rendered":"Jubilej &#8211; 125 godina marke K\u00f6mmerling i 25 godina profine Croatia"},"content":{"rendered":"\n<h2 class=\"wp-block-heading\">Interview<\/h2>\n\n\n\n<h3 class=\"wp-block-heading\">dr Petar Mrosik, CEO profine Group GmbH<\/h3>\n\n\n\n<p><em>Povodom ovih zna\u010dajnih jubileja zamolili smo dr. Petra Mrosika, CEO profine Group GmbH za razgovor o daljem pravcu razvoja tvrtke.<\/em><\/p>\n\n\n\n<p><em>Sa 125. obljetnicom K\u00f6mmerling se preustrojem svoje robne marke pozicionira za budu\u0107nost. Odr\u017eivost je u sredi\u0161tu novog pozicioniranja i filozofije brenda. Za K\u00f6mmerling to nisu samo eufori\u010dne izjave namjere, ve\u0107 se radi o djelovanju danas i dono\u0161enju ispravnih odluka za sutra. To postaje vidljivo vanjskom svijetu s potpuno novim imid\u017eom brenda u novom dizajnu, s novim logom i sloganom.<\/em><\/p>\n\n\n\n<h3 class=\"wp-block-heading\">Dr. Mrosik \u0161to je to \u0161to vas je nadahnulo za ovaj veliki iskorak?<\/h3>\n\n\n\n<p>\u017divjeti odgovornost zna\u010di \u0161tititi budu\u0107nost. Na nama, vode\u0107im industrijama na\u0161eg vremena, je da danas napravimo razliku. Kao ciljno orijentirani i ambiciozni tvorci, imamo snagu i volju dosljedno donositi pozitivne promjene. Ali ne \u017eelimo biti samo pioniri, \u017eelimo biti i uzori. Za sve koji se, poput nas, osje\u0107aju jednako predani i spremni za ovaj veliki zadatak. Na\u0161 cilj je odr\u017eivi ciklus za visokokvalitetne PVC proizvode. <strong>Danas razvijamo prava rje\u0161enja za sutra i postavljamo standarde za budu\u0107nost koju vrijedi \u0161tititi. To je ono \u0161to predstavlja na\u0161 brend K\u00f6mmerling.<\/strong><\/p>\n\n\n\n<p>Novi pravac je u principu daljnji korak na\u0161e politike ja\u010danja na\u0161ih marki. Taj strate\u0161ki korak zapo\u010deli smo prije dugo vremena a nakon novog pravca na\u0161e platforme profila i poja\u010dane internacionalizacije na\u0161ih aktivnosti.<\/p>\n\n\n\n<figure class=\"wp-block-image size-large\"><img decoding=\"async\" width=\"1024\" height=\"683\" src=\"https:\/\/www.prozorivrata.com\/hr\/wp-content\/uploads\/sites\/4\/2022\/09\/profine-prozori-vrata-1024x683.jpg\" alt=\"odr\u017eivi ciklus za visokokvalitetne PVC proizvode\" class=\"wp-image-5316\" srcset=\"https:\/\/www.prozorivrata.com\/hr\/wp-content\/uploads\/sites\/4\/2022\/09\/profine-prozori-vrata-1024x683.jpg 1024w, https:\/\/www.prozorivrata.com\/hr\/wp-content\/uploads\/sites\/4\/2022\/09\/profine-prozori-vrata-300x200.jpg 300w, https:\/\/www.prozorivrata.com\/hr\/wp-content\/uploads\/sites\/4\/2022\/09\/profine-prozori-vrata-768x512.jpg 768w, https:\/\/www.prozorivrata.com\/hr\/wp-content\/uploads\/sites\/4\/2022\/09\/profine-prozori-vrata-750x500.jpg 750w, https:\/\/www.prozorivrata.com\/hr\/wp-content\/uploads\/sites\/4\/2022\/09\/profine-prozori-vrata-1140x760.jpg 1140w, https:\/\/www.prozorivrata.com\/hr\/wp-content\/uploads\/sites\/4\/2022\/09\/profine-prozori-vrata.jpg 1200w\" sizes=\"(max-width: 1024px) 100vw, 1024px\" \/><figcaption>Odr\u017eivi ciklus za visokokvalitetne PVC proizvode \/ foto: profine Group<\/figcaption><\/figure>\n\n\n\n<h3 class=\"wp-block-heading\">Vi ste i do sada bili jedan od predvodnika i tehnolo\u0161kih vizionara u bran\u0161i. \u0160to je cilj novog image K\u00f6mmerlinga?<\/h3>\n\n\n\n<p>Novi brend K\u00f6mmerling prenosi jasnu viziju i jasan stav koji \u017eeli potaknuti promjenu, kako kod svojih kupaca tako i na cijelom tr\u017ei\u0161tu, te za vi\u0161e od 3000 zaposlenika nagla\u0161ava odr\u017eivi smisao njihovog rada.<\/p>\n\n\n\n<p>Cilj je: <strong>Nemojte \u010dekati da netko drugi ne\u0161to promijeni kada to mo\u017eete sami.<\/strong><\/p>\n\n\n\n<p>Danas za sutra \u2013 <em>Today for Tomorrow<\/em>, ova poruka postaje sredi\u0161nja jezgra brenda, \u0161to se ogleda u svim mjerama komunikacije proizvoda, imid\u017ea i dru\u0161tvenih medija. Komunikacija brenda u prvi plan stavlja osje\u0107aj odgovornosti i pitanja odr\u017eivosti.<\/p>\n\n\n\n<figure class=\"wp-block-image size-large\"><img decoding=\"async\" width=\"1024\" height=\"683\" src=\"https:\/\/www.prozorivrata.com\/hr\/wp-content\/uploads\/sites\/4\/2022\/09\/profine-Group-prozori-1024x683.jpg\" alt=\"Novi brend K\u00f6mmerling prenosi jasnu viziju i jasan stav\" class=\"wp-image-5318\" srcset=\"https:\/\/www.prozorivrata.com\/hr\/wp-content\/uploads\/sites\/4\/2022\/09\/profine-Group-prozori-1024x683.jpg 1024w, https:\/\/www.prozorivrata.com\/hr\/wp-content\/uploads\/sites\/4\/2022\/09\/profine-Group-prozori-300x200.jpg 300w, https:\/\/www.prozorivrata.com\/hr\/wp-content\/uploads\/sites\/4\/2022\/09\/profine-Group-prozori-768x512.jpg 768w, https:\/\/www.prozorivrata.com\/hr\/wp-content\/uploads\/sites\/4\/2022\/09\/profine-Group-prozori-750x500.jpg 750w, https:\/\/www.prozorivrata.com\/hr\/wp-content\/uploads\/sites\/4\/2022\/09\/profine-Group-prozori-1140x760.jpg 1140w, https:\/\/www.prozorivrata.com\/hr\/wp-content\/uploads\/sites\/4\/2022\/09\/profine-Group-prozori.jpg 1200w\" sizes=\"(max-width: 1024px) 100vw, 1024px\" \/><figcaption>Novi brend K\u00f6mmerling prenosi jasnu viziju i jasan stav<\/figcaption><\/figure>\n\n\n\n<h3 class=\"wp-block-heading\">Va\u0161 novi logotip je potpuno druga\u010diji od uobi\u010dajenih u bran\u0161i, rekli bi \u201etehni\u010dkih\u201c.<\/h3>\n\n\n\n<p>Na\u0161 logo je najvidljiviji znak ove preorijentacije. Novi K\u00f6mmerling logo prikazuje prirodne elemente poput sunca i vode u apstraktnom obliku i usvaja kru\u017enost. Tople boje ozna\u010davaju \u017eivot, polazak i budu\u0107nost. Ovi elementi tako\u0111er karakteriziraju revolucionarni korporativni dizajn. Karakteristike dizajna su novi svijet slika i boja kao i dizajnerski jezik sa zakrivljenim linijama. Ovim neovisnim vizualnim elementima brenda K\u00f6mmerling se komunikacijski razlikuje od konkurencije.<\/p>\n\n\n<div class=\"wp-block-image\">\n<figure class=\"aligncenter size-full\"><img decoding=\"async\" width=\"500\" height=\"263\" src=\"https:\/\/www.prozorivrata.com\/hr\/wp-content\/uploads\/sites\/4\/2022\/09\/Kommerling-logo.jpg\" alt=\"Kommerling logo\" class=\"wp-image-5314\" srcset=\"https:\/\/www.prozorivrata.com\/hr\/wp-content\/uploads\/sites\/4\/2022\/09\/Kommerling-logo.jpg 500w, https:\/\/www.prozorivrata.com\/hr\/wp-content\/uploads\/sites\/4\/2022\/09\/Kommerling-logo-300x158.jpg 300w\" sizes=\"(max-width: 500px) 100vw, 500px\" \/><\/figure>\n<\/div>\n\n\n<p>Slogan \u010dini tematski i emocionalni okvir za novi izgled. Sa\u017eima poruku i smjer brenda koji K\u00f6mmerling zastupa u tri rije\u010di: <strong>Today for Tomorrow. Danas za sutra.<\/strong><\/p>\n\n\n\n<blockquote class=\"wp-block-quote is-layout-flow wp-block-quote-is-layout-flow\"><p>\u201eK\u00f6mmerling \u2013 to nisu samo proizvodi visoke kvalitete. To je stav. Stalo nam je do odr\u017eive budu\u0107nosti. To je bila na\u0161a misija od samog po\u010detka kada sam preuzeo tvrtku 2012. godine. I nastavit \u0107emo to \u010diniti \u2013 dan za danom. To je moje obe\u0107anje za budu\u0107i put K\u00f6mmerling-a.\u201c<\/p><cite>Dr Mrosik<\/cite><\/blockquote>\n\n\n\n<h3 class=\"wp-block-heading\">Ali tu nije kraj pri\u010de o novoj orijentaciji tvrtke profine?<\/h3>\n\n\n\n<p>To je tek po\u010detak! (smijeh). Ova situacija koju imamo ve\u0107 tri godine, prvo s pandemijom Covid-19 a sada i sa ratom u Ukrajini, a \u0161to je dovelo do enormnih poreme\u0107aja na tr\u017ei\u0161tu sirovina i energenata, ubrzala je moj\u0435 odluke o pokretanju nove poslovne grane koja je usko povezana s na\u0161im potrebama i na neki na\u010din nadopunjuje na\u0161 postoje\u0107i biznis. To je proizvodnja elektri\u010dne energije iz obnovljivih izvora &#8211; sunca, vjetra i vode. <strong>Cilj je da u idu\u0107ih pet godina profine proizvodi dovoljno energije za potrebe svoje proizvodnje pa i vi\u0161e.<\/strong><\/p>\n\n\n\n<figure class=\"wp-block-image size-large\"><img decoding=\"async\" width=\"1024\" height=\"683\" src=\"https:\/\/www.prozorivrata.com\/hr\/wp-content\/uploads\/sites\/4\/2022\/09\/profine-Group-proizvodnja-stolarije-1024x683.jpg\" alt=\"Danas razvijamo prava rje\u0161enja za  sutra i postavljamo standarde za budu\u0107nost\" class=\"wp-image-5317\" srcset=\"https:\/\/www.prozorivrata.com\/hr\/wp-content\/uploads\/sites\/4\/2022\/09\/profine-Group-proizvodnja-stolarije-1024x683.jpg 1024w, https:\/\/www.prozorivrata.com\/hr\/wp-content\/uploads\/sites\/4\/2022\/09\/profine-Group-proizvodnja-stolarije-300x200.jpg 300w, https:\/\/www.prozorivrata.com\/hr\/wp-content\/uploads\/sites\/4\/2022\/09\/profine-Group-proizvodnja-stolarije-768x512.jpg 768w, https:\/\/www.prozorivrata.com\/hr\/wp-content\/uploads\/sites\/4\/2022\/09\/profine-Group-proizvodnja-stolarije-750x500.jpg 750w, https:\/\/www.prozorivrata.com\/hr\/wp-content\/uploads\/sites\/4\/2022\/09\/profine-Group-proizvodnja-stolarije-1140x760.jpg 1140w, https:\/\/www.prozorivrata.com\/hr\/wp-content\/uploads\/sites\/4\/2022\/09\/profine-Group-proizvodnja-stolarije.jpg 1200w\" sizes=\"(max-width: 1024px) 100vw, 1024px\" \/><figcaption>Danas razvijamo prava rje\u0161enja za \nsutra i postavljamo standarde za budu\u0107nost \/ foto: profine Group<\/figcaption><\/figure>\n\n\n\n<h3 class=\"wp-block-heading\">Kako se tu uklapaju va\u0161e tvrtke u Hrvatskoj, Srbiji i Bosni?<\/h3>\n\n\n\n<p>Vrlo dobro. Strate\u0161ka odluka o pokretanju ekstruzije u na\u0161oj tvrtki u Tuzli, koja je donesena prije par godina, sada je u fazi pro\u0161irenja hale za prihvat dodatnih nekoliko ekstrudera. U neposrednoj blizini Beograda smo kupili 600.000 m\u00b2 na kojoj \u0107e biti izgra\u0111ena daljnja proizvodna postrojenja i fotovoltaik postrojenje dostatno za potrebe te proizvodnje, a vjerojatno i vi\u0161e.<\/p>\n\n\n\n<p><strong>U Hrvatskoj smo pro\u0161irili skladi\u0161ne kapacitete za 50% i s postoje\u0107ih 3000 m\u00b2 sad do\u0161li na 6000 m\u00b2 pri \u010demu \u0107e jedan dio slu\u017eiti za proizvodnju ka\u0161iranih profila, a i neke druge dorade tj. oplemenjivanje proizvoda biti \u0107e ra\u0111eno tu na licu mjesta kako bi bili ekspeditivniji i time pobolj\u0161ali servis za na\u0161e partnere.<\/strong> Napravili smo i nove uredske prostore kojima \u0107emo i na\u0161im zaposlenicima omogu\u0107iti ugodnije radno okru\u017eenje ali i kvalitetniji rad s na\u0161im poslovnim partnerima. I tu \u0107emo i\u0107i s fotovoltaik postrojenjem kako bi i ova lokacija bila energetski samodostatna. Sve u okviru na\u0161e nove poslovne filozofije <em>Today for Tomorrow!<\/em><\/p>\n\n\n\n<p class=\"has-text-align-right\"><em>Gosp. Dr. Mrosik zahvaljujemo se na razgovoru.<\/em><\/p>\n","protected":false},"excerpt":{"rendered":"<p>Interview dr Petar Mrosik, CEO profine Group GmbH Povodom ovih zna\u010dajnih jubileja zamolili smo dr. Petra Mrosika, CEO profine Group GmbH za razgovor o daljem pravcu razvoja tvrtke. Sa 125. obljetnicom K\u00f6mmerling se preustrojem svoje robne marke pozicionira za budu\u0107nost. Odr\u017eivost je u sredi\u0161tu novog pozicioniranja i filozofije brenda. Za K\u00f6mmerling to nisu samo eufori\u010dne [&hellip;]<\/p>\n","protected":false},"author":3,"featured_media":5315,"comment_status":"closed","ping_status":"closed","sticky":false,"template":"","format":"standard","meta":{"_FSMCFIC_featured_image_caption":"","_FSMCFIC_featured_image_nocaption":"","_FSMCFIC_featured_image_hide":"","footnotes":""},"categories":[55],"tags":[512,262,513,76,511],"class_list":["post-5313","post","type-post","status-publish","format-standard","has-post-thumbnail","hentry","category-izdvojeno","tag-dr-petar-mrosik","tag-interview","tag-kommerling","tag-profine-croatia","tag-profine-group"],"_links":{"self":[{"href":"https:\/\/www.prozorivrata.com\/hr\/wp-json\/wp\/v2\/posts\/5313","targetHints":{"allow":["GET"]}}],"collection":[{"href":"https:\/\/www.prozorivrata.com\/hr\/wp-json\/wp\/v2\/posts"}],"about":[{"href":"https:\/\/www.prozorivrata.com\/hr\/wp-json\/wp\/v2\/types\/post"}],"author":[{"embeddable":true,"href":"https:\/\/www.prozorivrata.com\/hr\/wp-json\/wp\/v2\/users\/3"}],"replies":[{"embeddable":true,"href":"https:\/\/www.prozorivrata.com\/hr\/wp-json\/wp\/v2\/comments?post=5313"}],"version-history":[{"count":3,"href":"https:\/\/www.prozorivrata.com\/hr\/wp-json\/wp\/v2\/posts\/5313\/revisions"}],"predecessor-version":[{"id":5322,"href":"https:\/\/www.prozorivrata.com\/hr\/wp-json\/wp\/v2\/posts\/5313\/revisions\/5322"}],"wp:featuredmedia":[{"embeddable":true,"href":"https:\/\/www.prozorivrata.com\/hr\/wp-json\/wp\/v2\/media\/5315"}],"wp:attachment":[{"href":"https:\/\/www.prozorivrata.com\/hr\/wp-json\/wp\/v2\/media?parent=5313"}],"wp:term":[{"taxonomy":"category","embeddable":true,"href":"https:\/\/www.prozorivrata.com\/hr\/wp-json\/wp\/v2\/categories?post=5313"},{"taxonomy":"post_tag","embeddable":true,"href":"https:\/\/www.prozorivrata.com\/hr\/wp-json\/wp\/v2\/tags?post=5313"}],"curies":[{"name":"wp","href":"https:\/\/api.w.org\/{rel}","templated":true}]}}