{"id":480,"date":"2017-10-13T07:35:23","date_gmt":"2017-10-13T07:35:23","guid":{"rendered":"https:\/\/www.prozorivrata.com\/hr\/ministarstvo-graditeljstva-nije-podrzalo-komoru-arhitekata-u-obrani-njemackog-cjenika-naknada-za-usluge-arhitekata-i-inzenjera\/"},"modified":"2020-04-05T09:48:37","modified_gmt":"2020-04-05T09:48:37","slug":"ministarstvo-graditeljstva-nije-podrzalo-komoru-arhitekata-u-obrani-njemackog-cjenika-naknada-za-usluge-arhitekata-i-inzenjera","status":"publish","type":"post","link":"https:\/\/www.prozorivrata.com\/hr\/ministarstvo-graditeljstva-nije-podrzalo-komoru-arhitekata-u-obrani-njemackog-cjenika-naknada-za-usluge-arhitekata-i-inzenjera\/","title":{"rendered":"Ministarstvo graditeljstva nije podr\u017ealo Komoru arhitekata u obrani njema\u010dkog Cjenika naknada za usluge arhitekata i in\u017eenjera"},"content":{"rendered":"<p><strong>Hrvatska komora arhitekata (HKA) zatra\u017eila je, na molbu njema\u010dke Savezne komore, Vladu Republike Hrvatske da u ime hrvatskih arhitekata pru\u017ei podr\u0161ku Vladi Savezne Republike Njema\u010dke u obrani njema\u010dkog Cjenika naknada za usluge arhitekata i in\u017eenjera pred Sudom Europske unije.<\/strong> Resorno Ministarstvo graditeljstva i prostornoga ure\u0111enja nije podr\u017ealo ovu inicijativu Komore arhitekata jer smatra da uklju\u010divanje Hrvatske u tu\u017ebu koju je Europska komisija podigla protiv Njema\u010dke pred europskim sudom mo\u017ee dovesti na\u0161u zemlju u nepovoljan polo\u017eaj u odnosu na ispunjenje zahtjeva iz EU Direktive o uslugama.<\/p>\n<p>Europska komisija tu\u017ebu protiv Njema\u010dke podnijela je u lipnju ove godine, tvrde\u0107i kako obvezuju\u0107e minimalne i maksimalne naknade za usluge arhitekata i in\u017eenjera nisu uskla\u0111ene s europskim zakonodavstvom, odnosno Direktivom o uslugama. Smatraju kako njema\u010dki Cjenik naknada ote\u017eava pravo na poslovni nastan i tako onemogu\u0107uje arhitektima i in\u017eenjerima iz dr\u017eava \u010dlanica EU-a otvaranje arhitektonskog ili in\u017eenjerskog ureda u Njema\u010dkoj.<\/p>\n<p>Kako prema Statutu Europskog suda pravde zemlje \u010dlanice i institucije EU-a imaju pravo intervenirati u slu\u010dajevima koji se vode pred Sudom, Hrvatska komora arhitekata zamolila je relevantne hrvatske institucije za podr\u0161ku njema\u010dkoj vladi, pri \u010demu su im dostavljene i informacije o mehanizmu intervencije.<\/p>\n<p><strong>Njema\u010dka vlada ne sla\u017ee se s pravnim mi\u0161ljenjem Komisije, te smatra kako su prepreke koje arhitekte sprje\u010davaju u pru\u017eanju usluga u drugoj zemlji druga\u010dije prirode, kao \u0161to su npr. nedovoljno poznavanje jezika ili manjkavo poznavanje zakona o planiranju i gradnji.<\/strong> <a href=\"https:\/\/www.prozorivrata.com\/komora-arhitekata-poziva-grad-zagreb\/\" target=\"_blank\" rel=\"noopener noreferrer\">Hrvatska komora arhitekata<\/a> podr\u017eala je njema\u010dku vladu u ovome stavu. Pritom isti\u010de kako arhitekti koji svoje usluge nude u Njema\u010dkoj, a posluju u svojoj mati\u010dnoj dr\u017eavi, nisu ni obvezni primjenjivati ove cijene, jer se odredbe Cjenika primjenjuju isklju\u010divo na rezidente.<\/p>\n<p>Svoj stav da uklju\u010divanje Hrvatske u postupak koji je Komisija pokrenula protiv Njema\u010dke mo\u017ee dovesti Hrvatsku u nepovoljan polo\u017eaj, Ministarstvo graditeljstva i prostornoga ure\u0111enja iskazalo je na tra\u017eenje nadle\u017enog Ministarstva vanjskih i europskih poslova.<\/p>\n<p><strong>Hrvatska komora arhitekata ne sla\u017ee se s odlukom resornog Ministarstva te smatra kako Cjenik \u010dini transparentnima opseg usluga i naknada te tako olak\u0161ava i hrvatskim arhitektima pristup njema\u010dkom tr\u017ei\u0161tu arhitektonskih usluga.<\/strong> Cjenik je klju\u010dan za odr\u017eavanje visoke razine kontrole kvalitete i za\u0161titu potro\u0161a\u010da u Njema\u010dkoj, smatra HKA, pri \u010demu ni ne postoje dokazi da minimalne naknade onemogu\u0107uju arhitekte u pru\u017eanju prekograni\u010dnih usluga.<\/p>\n<p><img decoding=\"async\" class=\"alignnone wp-image-13061\" src=\"https:\/\/www.prozorivrata.com\/wp-content\/uploads\/2017\/09\/HKA_logo-Hrvatska-komora-arhitekti-e1506668131540.jpg\" alt=\"www.arhitekti-hka.hr\" width=\"200\" height=\"105\" \/><\/p>\n<p>Ul. grada Vukovara 271\/II, 10000 Zagreb<br \/>\nTel. +385 1 5508 410<br \/>\nFax. +385 1 5508 403<br \/>\n<a href=\"mailto:arhitekti@arhitekti-hka.hr\" target=\"_blank\" rel=\"noopener noreferrer\">arhitekti@arhitekti-hka.hr<\/a><br \/>\n<a href=\"http:\/\/www.arhitekti-hka.hr\" target=\"_blank\" rel=\"noopener noreferrer\">www.arhitekti-hka.hr<\/a><\/p>\n","protected":false},"excerpt":{"rendered":"<p>Hrvatska komora arhitekata (HKA) zatra\u017eila je, na molbu njema\u010dke Savezne komore, Vladu Republike Hrvatske da u ime hrvatskih arhitekata pru\u017ei podr\u0161ku Vladi Savezne Republike Njema\u010dke u obrani njema\u010dkog Cjenika naknada za usluge arhitekata i in\u017eenjera pred Sudom Europske unije. Resorno Ministarstvo graditeljstva i prostornoga ure\u0111enja nije podr\u017ealo ovu inicijativu Komore arhitekata jer smatra da uklju\u010divanje [&hellip;]<\/p>\n","protected":false},"author":1,"featured_media":481,"comment_status":"open","ping_status":"open","sticky":false,"template":"","format":"standard","meta":{"_FSMCFIC_featured_image_caption":"","_FSMCFIC_featured_image_nocaption":"","_FSMCFIC_featured_image_hide":"","footnotes":""},"categories":[46,47],"tags":[],"class_list":["post-480","post","type-post","status-publish","format-standard","has-post-thumbnail","hentry","category-arhitektura","category-novosti"],"_links":{"self":[{"href":"https:\/\/www.prozorivrata.com\/hr\/wp-json\/wp\/v2\/posts\/480","targetHints":{"allow":["GET"]}}],"collection":[{"href":"https:\/\/www.prozorivrata.com\/hr\/wp-json\/wp\/v2\/posts"}],"about":[{"href":"https:\/\/www.prozorivrata.com\/hr\/wp-json\/wp\/v2\/types\/post"}],"author":[{"embeddable":true,"href":"https:\/\/www.prozorivrata.com\/hr\/wp-json\/wp\/v2\/users\/1"}],"replies":[{"embeddable":true,"href":"https:\/\/www.prozorivrata.com\/hr\/wp-json\/wp\/v2\/comments?post=480"}],"version-history":[{"count":1,"href":"https:\/\/www.prozorivrata.com\/hr\/wp-json\/wp\/v2\/posts\/480\/revisions"}],"predecessor-version":[{"id":495,"href":"https:\/\/www.prozorivrata.com\/hr\/wp-json\/wp\/v2\/posts\/480\/revisions\/495"}],"wp:featuredmedia":[{"embeddable":true,"href":"https:\/\/www.prozorivrata.com\/hr\/wp-json\/wp\/v2\/media\/481"}],"wp:attachment":[{"href":"https:\/\/www.prozorivrata.com\/hr\/wp-json\/wp\/v2\/media?parent=480"}],"wp:term":[{"taxonomy":"category","embeddable":true,"href":"https:\/\/www.prozorivrata.com\/hr\/wp-json\/wp\/v2\/categories?post=480"},{"taxonomy":"post_tag","embeddable":true,"href":"https:\/\/www.prozorivrata.com\/hr\/wp-json\/wp\/v2\/tags?post=480"}],"curies":[{"name":"wp","href":"https:\/\/api.w.org\/{rel}","templated":true}]}}