{"id":4321,"date":"2022-03-09T10:19:38","date_gmt":"2022-03-09T09:19:38","guid":{"rendered":"https:\/\/www.prozorivrata.com\/hr\/?p=4321"},"modified":"2022-09-16T08:19:27","modified_gmt":"2022-09-16T07:19:27","slug":"rijec-urednika","status":"publish","type":"post","link":"https:\/\/www.prozorivrata.com\/hr\/rijec-urednika\/","title":{"rendered":"Rije\u010d urednika &#8211; Potpuni redizajn"},"content":{"rendered":"\n<p>Po\u0161tovani,<\/p>\n\n\n\n<p>Svi iskreno vjerujemo da brojimo <strong>posljednje tjedne COVID-a 19<\/strong> i da \u0107e se \u017eivot vratiti u potpunosti u normalu od prolje\u0107a, te da \u0107e se ukinuti sva ograni\u010denja, od maski do covid propusnica.<\/p>\n\n\n\n<p>Kako stvari stoje, sajmovi i ostale sli\u010dne manifestacije, se polako vra\u0107aju, a to je ono \u0161to nam je svima nedostajalo. Prva slijede\u0107a ve\u0107a manifestacija je <strong>Sajam gra\u0111evinarstva<\/strong> u Beogradu, gde se nakon dvije godine pauze o\u010dekuje rekordan broj izlaga\u010da. Nakon toga nas u lipnju o\u010dekuje konferencija <strong>\u201eDan prozora 2022\u201d<\/strong> u organizaciji ift Rosenheim Hrvatska i o\u010dekujemo dru\u017eenje sa svim relevantnim \u010dimbenicima \u201eProzori+Vrata\u201d scene u Hrvatskoj, zemljama regije i Zapadne Europe.<\/p>\n\n\n\n<p>Kao \u0161to ste primjetili, mi smo godinu zapo\u010deli sa<strong> potpunim redizajnom<\/strong> \u010dasopisa, novim formatom, novim papirom i logotipom samog izdanja. Nadamo se da vam se ova promijena svi\u0111a i da ste zadovoljni vizualom \u010dasopisa, kao i na\u0161e internet stranice <a href=\"http:\/\/www.prozorivrata.com\/hr\" target=\"_blank\" rel=\"noreferrer noopener\">www.prozorivrata.com\/hr<\/a> koja je isto do\u017eivjela promjene. Trudimo se ispratiti moderne svijetske trendove kada su u pitanju sli\u010dna izdanja, a broj tvrtki koji nas podr\u017eava iz godine u godinu nam govori da nam to i polazi za rukom.<\/p>\n\n\n\n<p>Dok smo spremali ovo izdanje imali smo nekolicinu sastanaka sa na\u0161im <strong>klijentima, arhitektima i investitorima<\/strong>. Teme su svakako bile rast cijena gra\u0111evinskog materijala, od PVC i ALU profila, drveta, pa do stakla i \u010delika, okova, sve je zna\u010dajno poskupjelo i to se osijeti na finalnom proizvodu ili u ovom slu\u010daju na prozoru ili vratima. Primjera radi, PVC prozor koji je ko\u0161tao prije pandemije 300 eura, sada je na nivou od 450 eura, a kako stvari stoje, izgleda da \u0107e se cijena uskoro skoro pa duplirati. Investitori u skladu sa rastom materijala podi\u017eu i cijenu \u010detvornog metra stana, ali se svakako name\u0107e pitanje <strong>koliko \u0107e cijene i\u0107i gore<\/strong> kada se radi o materijalima i da li ima prostora za jo\u0161 ve\u0107i rast stanova u novogradnji? Svi u ovom lancu su godinu zavr\u0161ili sa rastom prodaje, dijelomi\u010dno zbog ve\u0107e cijene proizvoda, a ve\u0107im dijelom zbog pove\u0107ane potra\u017enje. Iskreno se nadam da 2022. godina ne\u0107e biti ni\u0161ta manje uspje\u0161na za sve nas, jer ipak je<strong> Gra\u0111evinski sektor jedan od najbitnijih pokreta\u010da na\u0161e ekonomije.<\/strong><\/p>\n\n\n\n<p>Zahvaljuju\u0107i na\u0161im klijentima koji su od samog starta na\u0161u platformu prepoznali kao vrlo va\u017enu i bitnu u svojem poslovanju \u010dasopis \u201eProzori+Vrata\u201d ide naprijed, pa smo i za vrijeme COVID-a 19 rasli i sada mogu re\u0107i da su <strong>svi va\u017eniji brendovi<\/strong> iz ove bran\u0161e na\u0161i partneri u promicanju struke i kvalitete.<\/p>\n\n\n\n<p>Posjete na\u0161oj web stranici www.prozorivrata.com\/hr rastu, sve vi\u0161e tvrtki \u017eeli objaviti svoj PR tekst, novost, akciju ili promociju. Nakon izlaska svakog broja \u010dasopisa javlja nam se nekolicina novih pretplatnika koji \u017eele primati \u010dasopis na adresu, pa sada vjerujemo da nas \u010ditaju svi relevantni \u010dimbenici u sektoru.<\/p>\n\n\n\n<h2 class=\"wp-block-heading\"><strong>NOVO izdanje \u010dasopisa \u201cPROZORI+VRATA\u201c (broj 25, o\u017eujak 2022) mo\u017eete prelistati klikom na<\/strong>&nbsp;<a href=\"https:\/\/www.prozorivrata.com\/casopis\/br25\/#p=1\" target=\"_blank\" rel=\"noreferrer noopener\"><strong>LINK <\/strong><\/a><\/h2>\n\n\n\n<p>Mi nastavljamo <strong>maksimalno posve\u0107eni i<\/strong> <strong>puni pozitivne energije<\/strong> jer druga\u010dije i ne znamo.<\/p>\n\n\n\n<p>\u010citamo se i dalje\u2026<br>Predrag Ra\u0111en, urednik izdanja<\/p>\n\n\n\n<figure class=\"wp-block-image is-resized\"><img decoding=\"async\" src=\"https:\/\/www.prozorivrata.com\/hr\/wp-content\/uploads\/sites\/4\/2021\/03\/potpis-Predrag-Radjen.jpg\" alt=\"Predrag Ra\u0111en potpis\" width=\"193\" height=\"109\"\/><\/figure>\n","protected":false},"excerpt":{"rendered":"<p>Po\u0161tovani, Svi iskreno vjerujemo da brojimo posljednje tjedne COVID-a 19 i da \u0107e se \u017eivot vratiti u potpunosti u normalu od prolje\u0107a, te da \u0107e se ukinuti sva ograni\u010denja, od maski do covid propusnica. Kako stvari stoje, sajmovi i ostale sli\u010dne manifestacije, se polako vra\u0107aju, a to je ono \u0161to nam je svima nedostajalo. Prva [&hellip;]<\/p>\n","protected":false},"author":115,"featured_media":4325,"comment_status":"closed","ping_status":"closed","sticky":false,"template":"","format":"standard","meta":{"_FSMCFIC_featured_image_caption":"","_FSMCFIC_featured_image_nocaption":"","_FSMCFIC_featured_image_hide":"","footnotes":""},"categories":[47],"tags":[124,369,374,372,371,505,506,353,370,373],"class_list":["post-4321","post","type-post","status-publish","format-standard","has-post-thumbnail","hentry","category-novosti","tag-casopis","tag-casopis-prozorivrata-2","tag-digital","tag-format","tag-logo","tag-novo-izdanje","tag-online-izdanje","tag-predrag-raden","tag-redizajn","tag-tisak"],"_links":{"self":[{"href":"https:\/\/www.prozorivrata.com\/hr\/wp-json\/wp\/v2\/posts\/4321","targetHints":{"allow":["GET"]}}],"collection":[{"href":"https:\/\/www.prozorivrata.com\/hr\/wp-json\/wp\/v2\/posts"}],"about":[{"href":"https:\/\/www.prozorivrata.com\/hr\/wp-json\/wp\/v2\/types\/post"}],"author":[{"embeddable":true,"href":"https:\/\/www.prozorivrata.com\/hr\/wp-json\/wp\/v2\/users\/115"}],"replies":[{"embeddable":true,"href":"https:\/\/www.prozorivrata.com\/hr\/wp-json\/wp\/v2\/comments?post=4321"}],"version-history":[{"count":10,"href":"https:\/\/www.prozorivrata.com\/hr\/wp-json\/wp\/v2\/posts\/4321\/revisions"}],"predecessor-version":[{"id":4342,"href":"https:\/\/www.prozorivrata.com\/hr\/wp-json\/wp\/v2\/posts\/4321\/revisions\/4342"}],"wp:featuredmedia":[{"embeddable":true,"href":"https:\/\/www.prozorivrata.com\/hr\/wp-json\/wp\/v2\/media\/4325"}],"wp:attachment":[{"href":"https:\/\/www.prozorivrata.com\/hr\/wp-json\/wp\/v2\/media?parent=4321"}],"wp:term":[{"taxonomy":"category","embeddable":true,"href":"https:\/\/www.prozorivrata.com\/hr\/wp-json\/wp\/v2\/categories?post=4321"},{"taxonomy":"post_tag","embeddable":true,"href":"https:\/\/www.prozorivrata.com\/hr\/wp-json\/wp\/v2\/tags?post=4321"}],"curies":[{"name":"wp","href":"https:\/\/api.w.org\/{rel}","templated":true}]}}