{"id":4013,"date":"2022-01-02T06:06:00","date_gmt":"2022-01-02T06:06:00","guid":{"rendered":"https:\/\/www.prozorivrata.com\/hr\/?p=4013"},"modified":"2021-12-30T09:43:03","modified_gmt":"2021-12-30T09:43:03","slug":"stabilan-i-tehnoloski-napredan-poslovni-sustav","status":"publish","type":"post","link":"https:\/\/www.prozorivrata.com\/hr\/stabilan-i-tehnoloski-napredan-poslovni-sustav\/","title":{"rendered":"Stabilan i tehnolo\u0161ki napredan poslovni sustav"},"content":{"rendered":"\n<p>\u201eModern line\u201d je poduze\u0107e \u010dija se djelatnost temelji na stoljetnoj obiteljskoj obrtni\u010dkoj tradiciji. Od svog osnutka 1992. godine i tri zaposlenika, pa do danas kada ima 70-tak radnika, \u201eModern line\u201d je u stalnoj ekspanziji i mo\u017eemo slobodno re\u0107i jedan od najkvalitetnijih proizvo\u0111a\u010da PVC i alu stolarije u Republici Hrvatskoj.<\/p>\n\n\n\n<h3 class=\"wp-block-heading\">INTERVIEW: Ivica Lukanovi\u0107 vlasnik tvrtke \u201eModern line\u201d<\/h3>\n\n\n\n<div class=\"wp-block-image\"><figure class=\"alignleft size-full is-resized\"><img decoding=\"async\" src=\"https:\/\/www.prozorivrata.com\/hr\/wp-content\/uploads\/sites\/4\/2021\/12\/Ivica-Lukanovic-Modern-Line.jpg\" alt=\"Ivica Lukanovi\u0107, vlasnik tvrtke Modern Line\" class=\"wp-image-4015\" width=\"171\" height=\"171\" srcset=\"https:\/\/www.prozorivrata.com\/hr\/wp-content\/uploads\/sites\/4\/2021\/12\/Ivica-Lukanovic-Modern-Line.jpg 426w, https:\/\/www.prozorivrata.com\/hr\/wp-content\/uploads\/sites\/4\/2021\/12\/Ivica-Lukanovic-Modern-Line-300x300.jpg 300w, https:\/\/www.prozorivrata.com\/hr\/wp-content\/uploads\/sites\/4\/2021\/12\/Ivica-Lukanovic-Modern-Line-150x150.jpg 150w, https:\/\/www.prozorivrata.com\/hr\/wp-content\/uploads\/sites\/4\/2021\/12\/Ivica-Lukanovic-Modern-Line-75x75.jpg 75w, https:\/\/www.prozorivrata.com\/hr\/wp-content\/uploads\/sites\/4\/2021\/12\/Ivica-Lukanovic-Modern-Line-350x350.jpg 350w\" sizes=\"(max-width: 171px) 100vw, 171px\" \/><figcaption>Ivica Lukanovi\u0107<\/figcaption><\/figure><\/div>\n\n\n\n<p>Proizvodni pogon je opremljen najsuvremenijom i najkvalitetnijom informatiziranom njema\u010dkom opremom. Svoj uspjeh \u201eModern line\u201d temelji na stalnoj izobrazbi kadrova, slu\u0161anju i uskla\u0111ivanju sa \u017eeljama i potrebama kupaca, slje\u0111enjem tr\u017ei\u0161nih trendova, novim, suvremenim tehnologijama te na stremljenju i dostizanju vrhunske kvalitete kako u samom proizvodu tako i u \u010ditavom poslovanju i poslovnim odnosima. Razgovarali smo sa vlasnikom tvrtke \u201eModern line\u201d, gospodinom Ivicom Lukanovi\u0107em, o aktualnim temama, razvoju tvrtke i potrebama kupca nekada i danas.<\/p>\n\n\n\n<h3 class=\"wp-block-heading\">Va\u0161a tvrtka je osnovana 1992. godine sa samo tri zaposlenika. Kakvi su bili ti po\u010deci, i \u0161to vam je bio najve\u0107i izazov u prvim godinama rada?<\/h3>\n\n\n\n<p>Tvtku smo osnovali tata Ante, brat Zoran i ja. Taj je po\u010detak bio duboko utemeljen na obiteljskoj tradiciji jer su se na\u0161i pretci bavili zidarskim i stolarskim zanatom desetlje\u0107ima unatrag.<\/p>\n\n\n\n<p>Po\u010deli smo u radionici od stotinjak kvadrata u svojoj obiteljskoj ku\u0107i u kojoj je otac vodio stolarski pau\u0161alni obrt i izra\u0111ivao drvene brodice. Sve nam je tada bilo izazov! Malena radiona, stari strojevi, usvajanje novog proizvodnog programa, a bili smo novi i nepoznati na tr\u017ei\u0161tu\u2026<\/p>\n\n\n\n<p>Krenuli smo korak po korak, nabavljali strojeve i gradili svoju tr\u017ei\u0161nu poziciju i po\u010deli sa zapo\u0161ljavanjem novih radnika.<\/p>\n\n\n\n<h3 class=\"wp-block-heading\">Na kojoj razini je tada bio PVC prozor u usporedbi sa dana\u0161njim kada govorimo o kvaliteti i karakteristikama?<\/h3>\n\n\n\n<p>Sa PVC stolarijom smo krenuli 1996. godine. Bili smo me\u0111u prvima na tr\u017ei\u0161tu, koji su gurali taj proizvod koji nije bio dovoljno poznat. Kvaliteta je ve\u0107 tada bila na izuzetnoj razini i gotovo svi na\u0161i kupci iz tog vremena imaju jo\u0161 uvijek tu stolariju koja ima odli\u010dno slu\u017ei svrsi. U Primorju je klima vrlo kompleksna i razne vrste vjetrova su oduvijek ljudima stvarali dodatni problem sa prozorima i vratima. Prvi i najhrabriji kupci bili su odu\u0161evljeni zbog odli\u010dne toplinske i zvu\u010dne izolacije i sjajnog \u201edihtanja\u201d, a kao dodatni motiv za kupnju bilo je minimalno odr\u017eavanje.<\/p>\n\n\n\n<p>Razvoj PVC prozorskih sistema je kontinuiran i temeljit, ali najva\u017enije osobine PVC stolarija su ve\u0107 tada bile nagla\u0161ene i na visokoj razini.<\/p>\n\n\n\n<div class=\"wp-block-image\"><figure class=\"aligncenter size-full\"><img decoding=\"async\" width=\"1000\" height=\"666\" src=\"https:\/\/www.prozorivrata.com\/hr\/wp-content\/uploads\/sites\/4\/2021\/12\/Hilton-Costabella-Resort-Spa-2-foto-Modern-Line-tvrtka.jpg\" alt=\"Hilton Costabella Resort &amp; Spa\" class=\"wp-image-4023\" srcset=\"https:\/\/www.prozorivrata.com\/hr\/wp-content\/uploads\/sites\/4\/2021\/12\/Hilton-Costabella-Resort-Spa-2-foto-Modern-Line-tvrtka.jpg 1000w, https:\/\/www.prozorivrata.com\/hr\/wp-content\/uploads\/sites\/4\/2021\/12\/Hilton-Costabella-Resort-Spa-2-foto-Modern-Line-tvrtka-300x200.jpg 300w, https:\/\/www.prozorivrata.com\/hr\/wp-content\/uploads\/sites\/4\/2021\/12\/Hilton-Costabella-Resort-Spa-2-foto-Modern-Line-tvrtka-768x511.jpg 768w, https:\/\/www.prozorivrata.com\/hr\/wp-content\/uploads\/sites\/4\/2021\/12\/Hilton-Costabella-Resort-Spa-2-foto-Modern-Line-tvrtka-750x500.jpg 750w\" sizes=\"(max-width: 1000px) 100vw, 1000px\" \/><figcaption>Hilton Costabella Resort &#038; Spa \/ foto: Modern Line<\/figcaption><\/figure><\/div>\n\n\n\n<h3 class=\"wp-block-heading\">Kakva je bila percepcija kupaca\/investitora u tom periodu, a kakva arhitekata i projektanata?<\/h3>\n\n\n\n<p>Prvi kupci bili su povratnici iz Njema\u010dke koji su imali ve\u0107 odli\u010dna iskustva sa istim proizvodima. Tako\u0111er, ljudi koji su iznajmljivali apartmane i ku\u0107e u turisti\u010dke svrhe bili su odmah zainteresirani jer je odr\u017eavanje i rukovanje sa novim prozorima bilo daleko jednostavnije i na vi\u0161oj razini. Projektanti i arhitekti su polako prihva\u0107ali ove proizvode, ali nama to nije smetalo. Mi smo se razvijali, a na\u0161i kapaciteti su rasli podjednakom brzinom kako je rastao interes tr\u017ei\u0161ta za PVC stolarijom.<\/p>\n\n\n\n<h3 class=\"wp-block-heading\">\u201eModern line\u201d postoji sada skoro ve\u0107 30 godina i u stalnoj je ekspanziji. Da li ste u po\u010detku imali jasnu ideju u \u0161to \u017eelite izrasti i koliko je po\u010detna ideja ista ili druga\u010dija od realizirane?<\/h3>\n\n\n\n<p>To\u010dno je da na\u0161 razvoj traje jo\u0161 i danas, ali nismo posebno orijentirani na ekspanziju. Odmah u po\u010detku nismo to\u010dno znali koji \u0107e proizvodi biti na\u0161 najja\u010di adut, ali smo imali jasnu ideju da \u0107emo biti proizvodna tvrtka utemeljena na obiteljskoj zanatskoj tradiciji koja je posve\u0107ena kvaliteti i zadovljstvu na\u0161ih kupaca. Tu se nije ni\u0161ta promijenilo\u2026<\/p>\n\n\n\n<h3 class=\"wp-block-heading\">Tko je \u201eModern line\u201d danas i koja je vizija Vas i va\u0161ih zaposlenika?<\/h3>\n\n\n\n<p>\u201eModern line\u201d je stabilan i tehnolo\u0161ki napredan poslovni sustav koji je posve\u0107en kvaliteti i po\u0161tuje sve svoje kupce. Pratimo trendove i svakodnevno u\u010dimo. Razvijamo proizvode, tehnolo\u0161ki se redovito obnavljamo i brinemo o zaposlenicima. Na\u0161a je vizija \u2013 brinuti o kvaliteti proizvoda i zadovoljstvu kupaca i skladno se razvijati!<\/p>\n\n\n\n<figure class=\"wp-block-gallery columns-2 is-cropped wp-block-gallery-1 is-layout-flex wp-block-gallery-is-layout-flex\"><ul class=\"blocks-gallery-grid\"><li class=\"blocks-gallery-item\"><figure><img decoding=\"async\" width=\"1024\" height=\"646\" src=\"https:\/\/www.prozorivrata.com\/hr\/wp-content\/uploads\/sites\/4\/2021\/12\/Luksuzni-hotel-posvecen-vinu-Gospoja-Vrbnik-Modern-Line-1024x646.jpg\" alt=\"Luksuzni hotel posve\u0107en vinu Gospoja, Vrbnik\" data-id=\"4022\" data-full-url=\"https:\/\/www.prozorivrata.com\/hr\/wp-content\/uploads\/sites\/4\/2021\/12\/Luksuzni-hotel-posvecen-vinu-Gospoja-Vrbnik-Modern-Line.jpg\" data-link=\"https:\/\/www.prozorivrata.com\/hr\/?attachment_id=4022\" class=\"wp-image-4022\" srcset=\"https:\/\/www.prozorivrata.com\/hr\/wp-content\/uploads\/sites\/4\/2021\/12\/Luksuzni-hotel-posvecen-vinu-Gospoja-Vrbnik-Modern-Line-1024x646.jpg 1024w, https:\/\/www.prozorivrata.com\/hr\/wp-content\/uploads\/sites\/4\/2021\/12\/Luksuzni-hotel-posvecen-vinu-Gospoja-Vrbnik-Modern-Line-300x189.jpg 300w, https:\/\/www.prozorivrata.com\/hr\/wp-content\/uploads\/sites\/4\/2021\/12\/Luksuzni-hotel-posvecen-vinu-Gospoja-Vrbnik-Modern-Line-768x484.jpg 768w, https:\/\/www.prozorivrata.com\/hr\/wp-content\/uploads\/sites\/4\/2021\/12\/Luksuzni-hotel-posvecen-vinu-Gospoja-Vrbnik-Modern-Line-750x473.jpg 750w, https:\/\/www.prozorivrata.com\/hr\/wp-content\/uploads\/sites\/4\/2021\/12\/Luksuzni-hotel-posvecen-vinu-Gospoja-Vrbnik-Modern-Line-1140x719.jpg 1140w, https:\/\/www.prozorivrata.com\/hr\/wp-content\/uploads\/sites\/4\/2021\/12\/Luksuzni-hotel-posvecen-vinu-Gospoja-Vrbnik-Modern-Line.jpg 1200w\" sizes=\"(max-width: 1024px) 100vw, 1024px\" \/><figcaption class=\"blocks-gallery-item__caption\">Luksuzni hotel posve\u0107en vinu Gospoja, Vrbnik \/ foto: Modern Line<\/figcaption><\/figure><\/li><li class=\"blocks-gallery-item\"><figure><img decoding=\"async\" width=\"1024\" height=\"646\" src=\"https:\/\/www.prozorivrata.com\/hr\/wp-content\/uploads\/sites\/4\/2021\/12\/Luksuzni-hotel-posvecen-vinu-Gospoja-Vrbnik-1-Modern-Line-1024x646.jpg\" alt=\"Luksuzni hotel posve\u0107en vinu Gospoja, Vrbnik\" data-id=\"4021\" data-full-url=\"https:\/\/www.prozorivrata.com\/hr\/wp-content\/uploads\/sites\/4\/2021\/12\/Luksuzni-hotel-posvecen-vinu-Gospoja-Vrbnik-1-Modern-Line.jpg\" data-link=\"https:\/\/www.prozorivrata.com\/hr\/?attachment_id=4021\" class=\"wp-image-4021\" srcset=\"https:\/\/www.prozorivrata.com\/hr\/wp-content\/uploads\/sites\/4\/2021\/12\/Luksuzni-hotel-posvecen-vinu-Gospoja-Vrbnik-1-Modern-Line-1024x646.jpg 1024w, https:\/\/www.prozorivrata.com\/hr\/wp-content\/uploads\/sites\/4\/2021\/12\/Luksuzni-hotel-posvecen-vinu-Gospoja-Vrbnik-1-Modern-Line-300x189.jpg 300w, https:\/\/www.prozorivrata.com\/hr\/wp-content\/uploads\/sites\/4\/2021\/12\/Luksuzni-hotel-posvecen-vinu-Gospoja-Vrbnik-1-Modern-Line-768x484.jpg 768w, https:\/\/www.prozorivrata.com\/hr\/wp-content\/uploads\/sites\/4\/2021\/12\/Luksuzni-hotel-posvecen-vinu-Gospoja-Vrbnik-1-Modern-Line-750x473.jpg 750w, https:\/\/www.prozorivrata.com\/hr\/wp-content\/uploads\/sites\/4\/2021\/12\/Luksuzni-hotel-posvecen-vinu-Gospoja-Vrbnik-1-Modern-Line-1140x719.jpg 1140w, https:\/\/www.prozorivrata.com\/hr\/wp-content\/uploads\/sites\/4\/2021\/12\/Luksuzni-hotel-posvecen-vinu-Gospoja-Vrbnik-1-Modern-Line.jpg 1200w\" sizes=\"(max-width: 1024px) 100vw, 1024px\" \/><figcaption class=\"blocks-gallery-item__caption\">Luksuzni hotel posve\u0107en vinu Gospoja, Vrbnik \/ foto: Modern Line<\/figcaption><\/figure><\/li><\/ul><\/figure>\n\n\n\n<h3 class=\"wp-block-heading\">Sura\u0111ujete sa tvrtkom \u201eprofine Croatia\u201d ve\u0107 dugo godina. Kakva su va\u0161a iskustva?<\/h3>\n\n\n\n<p>\u201eprofine Croatia\u201d je na\u0161 strate\u0161ki partner. Sa njima sura\u0111ujemo od prvog dana i iz na\u0161e tvornice nije iza\u0161ao niti jedan PVC prozor izra\u0111en u nekom drugom sistemu. Sretan sam \u0161to imamo takvog partnera jer je \u201eprofine\u201d kao i mi posve\u0107en razvoju i kvaliteti i jedan je od svjetskih lidera u svojoj bran\u0161i. Kada kontinuirano radi\u0161 sa najboljima, mo\u017ee\u0161 uz njih brzo u\u010diti i me\u0111u prvima usvajati inovacije. Taj partnerski odnos nam je bio od velikog zna\u010daja, a spremnost zaposlenika \u201eprofine Croatia\u201d da pomognu je dragocjena i vrlo korisna.<\/p>\n\n\n\n<h3 class=\"wp-block-heading\">\u0160to je ono \u0161to \u201eprofine Croatia\u201d i gospodina Aleksandra Terera izdvaja od konkurencije s obzirom na \u010ditav niz PVC sistema na tr\u017ei\u0161tu?<\/h3>\n\n\n\n<p>\u201eprofine Croatia\u201d je stabilan partner koji vodi ra\u010duna o svojim kupcima. Izgradili su odli\u010dan logisti\u010dki sustav. Isporuke su to\u010dne i u pravilu pravovremene, a puno posve\u0107uju pa\u017enje komunikaciji sa nama kupcima. Gospodin Terer je osoba koja stoji iza svojih rije\u010di. Kad Vam ne\u0161to obe\u0107a ili se sa njime ne\u0161to dogovorite mo\u017eete biti sigurni da \u0107e to biti kako ste i dogovorili.<\/p>\n\n\n\n<h3 class=\"wp-block-heading\">Poslujete na 4.000 m\u00b2, opremljeni ste najsuvremenijom njema\u010dkom opremom i radite sa njema\u010dkim dobavlja\u010dima sistema. Koliko je ta kvaliteta utjecala na razvoj tvrtke i va\u0161eg kona\u010dnog proizvoda?<\/h3>\n\n\n\n<p>Na\u0161a tvornica se sada rasprostire na 4.000 m\u00b2 radioni\u010dkog prostora, a smje\u0161teni smo u \u0160kalnici, u Op\u0107ini Klana. Cijeli na\u0161 know-how se temelji na najboljoj svjetskoj praksi i mahom su to njema\u010dki dobavlja\u010di.<\/p>\n\n\n\n<p>Svi na\u0161i strojevi su proizvedeni u njema\u010dkoj kompaniji \u201eelumatec\u201d, a povezani sa software programom \u201eKLAES\u201d koji je tako\u0111er lider u svojoj bran\u0161i i tako\u0111er osmi\u0161ljen u njema\u010dkoj. Kao \u0161to sam i ranije spomenuo sve su to partneri sa kojima radimo od prvog dana i mi smo se razvijali paralelno sa njima.<\/p>\n\n\n\n<p>Zahvaljuju\u0107i takvim partnerima, obi\u0161li smo sve relevantne europske sajmove u zadnjih dvadesetak godina, informirali smo se o proizvodima i procesima koji su uvjek korak ispred vremena. Lijepo je raditi sa najboljima.<\/p>\n\n\n\n<figure class=\"wp-block-gallery columns-2 is-cropped wp-block-gallery-2 is-layout-flex wp-block-gallery-is-layout-flex\"><ul class=\"blocks-gallery-grid\"><li class=\"blocks-gallery-item\"><figure><img decoding=\"async\" width=\"950\" height=\"634\" src=\"https:\/\/www.prozorivrata.com\/hr\/wp-content\/uploads\/sites\/4\/2021\/12\/Kulturno-trzni-centar-Gervais-Opatija-Modern-Line.jpg\" alt=\"Kulturno tr\u017eni centar Gervais, Opatija\" data-id=\"4020\" data-full-url=\"https:\/\/www.prozorivrata.com\/hr\/wp-content\/uploads\/sites\/4\/2021\/12\/Kulturno-trzni-centar-Gervais-Opatija-Modern-Line.jpg\" data-link=\"https:\/\/www.prozorivrata.com\/hr\/?attachment_id=4020\" class=\"wp-image-4020\" srcset=\"https:\/\/www.prozorivrata.com\/hr\/wp-content\/uploads\/sites\/4\/2021\/12\/Kulturno-trzni-centar-Gervais-Opatija-Modern-Line.jpg 950w, https:\/\/www.prozorivrata.com\/hr\/wp-content\/uploads\/sites\/4\/2021\/12\/Kulturno-trzni-centar-Gervais-Opatija-Modern-Line-300x200.jpg 300w, https:\/\/www.prozorivrata.com\/hr\/wp-content\/uploads\/sites\/4\/2021\/12\/Kulturno-trzni-centar-Gervais-Opatija-Modern-Line-768x513.jpg 768w, https:\/\/www.prozorivrata.com\/hr\/wp-content\/uploads\/sites\/4\/2021\/12\/Kulturno-trzni-centar-Gervais-Opatija-Modern-Line-750x501.jpg 750w\" sizes=\"(max-width: 950px) 100vw, 950px\" \/><figcaption class=\"blocks-gallery-item__caption\">Kulturno tr\u017eni centar Gervais, Opatija \/ foto: Modern Line<\/figcaption><\/figure><\/li><li class=\"blocks-gallery-item\"><figure><img decoding=\"async\" width=\"950\" height=\"634\" src=\"https:\/\/www.prozorivrata.com\/hr\/wp-content\/uploads\/sites\/4\/2021\/12\/Kulturno-trzni-centar-Gervais-Opatija-1-Modern-Line.jpg\" alt=\"Kulturno tr\u017eni centar Gervais, Opatija\" data-id=\"4019\" data-full-url=\"https:\/\/www.prozorivrata.com\/hr\/wp-content\/uploads\/sites\/4\/2021\/12\/Kulturno-trzni-centar-Gervais-Opatija-1-Modern-Line.jpg\" data-link=\"https:\/\/www.prozorivrata.com\/hr\/?attachment_id=4019\" class=\"wp-image-4019\" srcset=\"https:\/\/www.prozorivrata.com\/hr\/wp-content\/uploads\/sites\/4\/2021\/12\/Kulturno-trzni-centar-Gervais-Opatija-1-Modern-Line.jpg 950w, https:\/\/www.prozorivrata.com\/hr\/wp-content\/uploads\/sites\/4\/2021\/12\/Kulturno-trzni-centar-Gervais-Opatija-1-Modern-Line-300x200.jpg 300w, https:\/\/www.prozorivrata.com\/hr\/wp-content\/uploads\/sites\/4\/2021\/12\/Kulturno-trzni-centar-Gervais-Opatija-1-Modern-Line-768x513.jpg 768w, https:\/\/www.prozorivrata.com\/hr\/wp-content\/uploads\/sites\/4\/2021\/12\/Kulturno-trzni-centar-Gervais-Opatija-1-Modern-Line-750x501.jpg 750w\" sizes=\"(max-width: 950px) 100vw, 950px\" \/><figcaption class=\"blocks-gallery-item__caption\">Kulturno tr\u017eni centar Gervais, Opatija \/ foto: Modern Line<\/figcaption><\/figure><\/li><\/ul><\/figure>\n\n\n\n<h3 class=\"wp-block-heading\">Koliko ste orijentirani na doma\u0107e a koliko na strano tr\u017ei\u0161te, i da li postoje razlike u zahtjevima doma\u0107eg i inozemnog kupca?<\/h3>\n\n\n\n<p>Izvozimo na\u0161e proizvode ve\u0107 dvadesetak godina. Osim u Hrvatskoj, na\u0161i su proizvodi ugra\u0111eni u Norve\u0161koj, Austriji, Sloveniji, Njema\u010dkoj, Italiji, UAE i Nigeriji. Poslijednjih nekoliko godina nam je glavno inozemno tr\u017ei\u0161te Njema\u010dka, ali sve vi\u0161e radimo i sa talijanima. Sada i u Hrvatskoj ima dovoljno posla, ali nije dobro zapostaviti strana tr\u017ei\u0161ta.<\/p>\n\n\n\n<p>Vrijeme je pokazalo da se krize vra\u0107aju u odre\u0111enim vremenskim ciklusima i nije dobro imati \u201csve jabuke u istoj ko\u0161ari\u201d. \u0160to se ti\u010de zahtijeva kupaca, mislim da je najva\u017enije jasno definirati o\u010dekivanja i razjasniti \u0161to kupac o\u010dekuje. Kad je to potpuno jasno, mogu\u0107nosti za komplikacije se bitno smanjuju. Takva su nam isku- stva na svim tr\u017ei\u0161tima na kojima smo radili.<\/p>\n\n\n\n<h3 class=\"wp-block-heading\">Sve \u010de\u0161\u0107e nas pitaju: Kako izabrati ili prepoznati kvalitetan prozor \u0161to je danas postao izazov za obi\u010dnog kupca? \u0160to vi ka\u017eete va\u0161im potencijalnim kljentima?<\/h3>\n\n\n\n<p>Danas svaki kupac ima veliki broj opcija. U pravilu ako kupujete kod poznatog i pouzdanog proizvo\u0111a\u010da trebalo bi biti sve u redu, ali postoji veliki broj mogu\u0107nsti da ne\u0161to krene kako ne treba. To je kompleksan proces pa mo\u017ee \u201ezapeti\u201d i na izmjeri i u radioni, a da se ne govori o monta\u017ei. Svi koji rade u tom procesu moraju biti precizni i posve\u0107eni poslu da bi sve na kraju bilo u redu.<\/p>\n\n\n\n<p>Mi smo iz tog razloga stalno posve\u0107eni kvaliteti i to svi na\u0161i zaposlenici znaju. Kada radite na duge staze \u2013 to je jedini mogu\u0107i na\u010din poslovanja.<\/p>\n\n\n\n<div class=\"wp-block-image\"><figure class=\"aligncenter size-large\"><img decoding=\"async\" width=\"1024\" height=\"605\" src=\"https:\/\/www.prozorivrata.com\/hr\/wp-content\/uploads\/sites\/4\/2021\/12\/Poslovni-objekt-tvrtke-Cedar-doo-Kastav-Modern-Line-1024x605.jpg\" alt=\"Poslovni objekt tvrtke Cedar doo, Kastav\" class=\"wp-image-4018\" srcset=\"https:\/\/www.prozorivrata.com\/hr\/wp-content\/uploads\/sites\/4\/2021\/12\/Poslovni-objekt-tvrtke-Cedar-doo-Kastav-Modern-Line-1024x605.jpg 1024w, https:\/\/www.prozorivrata.com\/hr\/wp-content\/uploads\/sites\/4\/2021\/12\/Poslovni-objekt-tvrtke-Cedar-doo-Kastav-Modern-Line-300x177.jpg 300w, https:\/\/www.prozorivrata.com\/hr\/wp-content\/uploads\/sites\/4\/2021\/12\/Poslovni-objekt-tvrtke-Cedar-doo-Kastav-Modern-Line-768x454.jpg 768w, https:\/\/www.prozorivrata.com\/hr\/wp-content\/uploads\/sites\/4\/2021\/12\/Poslovni-objekt-tvrtke-Cedar-doo-Kastav-Modern-Line-750x443.jpg 750w, https:\/\/www.prozorivrata.com\/hr\/wp-content\/uploads\/sites\/4\/2021\/12\/Poslovni-objekt-tvrtke-Cedar-doo-Kastav-Modern-Line-1140x674.jpg 1140w, https:\/\/www.prozorivrata.com\/hr\/wp-content\/uploads\/sites\/4\/2021\/12\/Poslovni-objekt-tvrtke-Cedar-doo-Kastav-Modern-Line.jpg 1200w\" sizes=\"(max-width: 1024px) 100vw, 1024px\" \/><figcaption>Poslovni objekt tvrtke Cedar doo, Kastav \/ foto: Modern Line<\/figcaption><\/figure><\/div>\n\n\n\n<h3 class=\"wp-block-heading\">Tehnologija, tipovi profila, okova, brtvi, stakla, na\u010dini ugradnje\u2026 napreduju iz godine u godinu, pa je neophodno dodatno educirati zaposlenike. Kako se nosite sa tim izazovom?<\/h3>\n\n\n\n<p>Sve se razvija jako brzo, ali ve\u0107 sam naglasio da mi tome posve\u0107ujemo veliku pa\u017enju. Znanje i inovacije na\u0161ih dobavlja\u010da redovito usvajamo i kontinuirano implementiramo. Tehni\u010dari na\u0161ih dobavlja\u010da su \u010desto u na\u0161im pogonima kako bi nam prenijeli novitete i zajedno sa nama do\u0161li do novih i zadovoljnih kupaca. Ako to radite redovito ne samo da ne predstavlja veliki probem, nego postaje prednost na tr\u017ei\u0161tu.<\/p>\n\n\n\n<h3 class=\"wp-block-heading\">Danas su i zahtjevi arhitekata i projektanata sve kompliciraniji i zahtjevniji, kako odgovarate na nove trenove u rije\u0161enjima?<\/h3>\n\n\n\n<p>Svi vole pouzdane i kvalitetne poslovne partnere. Mi smo kroz ovih tridesetak godina koliko postojimo, stvorili bazu projektanata i investitora koji nam vjeruju. Zajedno sa nama i sa na\u0161im dobavlja\u010dima tra\u017eimo rije\u0161enja koja mogu sve zadovoljiti.<\/p>\n\n\n\n<div class=\"wp-block-image\"><figure class=\"aligncenter size-large\"><img decoding=\"async\" width=\"1024\" height=\"683\" src=\"https:\/\/www.prozorivrata.com\/hr\/wp-content\/uploads\/sites\/4\/2021\/12\/Hotel-Olea-Novalja-Pag-Modern-Line-1024x683.jpg\" alt=\"Hotel Olea, Novalja, Pag\" class=\"wp-image-4017\" srcset=\"https:\/\/www.prozorivrata.com\/hr\/wp-content\/uploads\/sites\/4\/2021\/12\/Hotel-Olea-Novalja-Pag-Modern-Line-1024x683.jpg 1024w, https:\/\/www.prozorivrata.com\/hr\/wp-content\/uploads\/sites\/4\/2021\/12\/Hotel-Olea-Novalja-Pag-Modern-Line-300x200.jpg 300w, https:\/\/www.prozorivrata.com\/hr\/wp-content\/uploads\/sites\/4\/2021\/12\/Hotel-Olea-Novalja-Pag-Modern-Line-768x512.jpg 768w, https:\/\/www.prozorivrata.com\/hr\/wp-content\/uploads\/sites\/4\/2021\/12\/Hotel-Olea-Novalja-Pag-Modern-Line-750x500.jpg 750w, https:\/\/www.prozorivrata.com\/hr\/wp-content\/uploads\/sites\/4\/2021\/12\/Hotel-Olea-Novalja-Pag-Modern-Line-1140x760.jpg 1140w, https:\/\/www.prozorivrata.com\/hr\/wp-content\/uploads\/sites\/4\/2021\/12\/Hotel-Olea-Novalja-Pag-Modern-Line.jpg 1200w\" sizes=\"(max-width: 1024px) 100vw, 1024px\" \/><figcaption>Hotel Olea, Novalja, Pag \/ foto: Modern Line<\/figcaption><\/figure><\/div>\n\n\n\n<h3 class=\"wp-block-heading\">Gdje vidite modernu i uspje\u0161nu tvrtku Modern line za 10 godina?<\/h3>\n\n\n\n<p>Naredne, 2022. godine \u201eModern line\u201d slavi 30 godina postojanja i uspje\u0161nog rada. \u201eModern line\u201d \u0107e se u narednih desetak godina osloniti na iskustvo svojih zaposlenika, ali se ne\u0107emo opustiti i stati sa razvojem i investicijama !<\/p>\n\n\n\n<p>U toj slavljeni\u010dkoj godini pripremili smo se provesti cjelokupnu tehnolo\u0161ku obnovu, nastaviti drugu fazu ure\u0111enja poslovnog kompleksa i zavr\u0161iti recikla\u017enu stanicu. Nakon te investicije ostaje nam samo da ostanemo vjerni na\u0161im kupcima i da brinemo o kvaliteti\u2026<\/p>\n\n\n\n<figure class=\"wp-block-image size-full is-resized\"><img decoding=\"async\" src=\"https:\/\/www.prozorivrata.com\/hr\/wp-content\/uploads\/sites\/4\/2021\/12\/modern-line-logo.jpg\" alt=\"modern line logo\" class=\"wp-image-4016\" width=\"250\" height=\"119\" srcset=\"https:\/\/www.prozorivrata.com\/hr\/wp-content\/uploads\/sites\/4\/2021\/12\/modern-line-logo.jpg 500w, https:\/\/www.prozorivrata.com\/hr\/wp-content\/uploads\/sites\/4\/2021\/12\/modern-line-logo-300x143.jpg 300w\" sizes=\"(max-width: 250px) 100vw, 250px\" \/><\/figure>\n\n\n\n<p>MODERN LINE<br>Tvornica prozora i vrata<br>\u0160kalnica bb, 51217 Klana<br>T. +385 051\/808-398<br><a href=\"mailto:modern@modern-line.hr\" target=\"_blank\" rel=\"noreferrer noopener\">modern@modern-line.hr<\/a><br><a href=\"http:\/\/www.modern-line.hr\" target=\"_blank\" rel=\"noreferrer noopener\">www.modern-line.hr<\/a><\/p>\n","protected":false},"excerpt":{"rendered":"<p>\u201eModern line\u201d je poduze\u0107e \u010dija se djelatnost temelji na stoljetnoj obiteljskoj obrtni\u010dkoj tradiciji. Od svog osnutka 1992. godine i tri zaposlenika, pa do danas kada ima 70-tak radnika, \u201eModern line\u201d je u stalnoj ekspanziji i mo\u017eemo slobodno re\u0107i jedan od najkvalitetnijih proizvo\u0111a\u010da PVC i alu stolarije u Republici Hrvatskoj. INTERVIEW: Ivica Lukanovi\u0107 vlasnik tvrtke \u201eModern [&hellip;]<\/p>\n","protected":false},"author":3,"featured_media":4024,"comment_status":"open","ping_status":"closed","sticky":false,"template":"","format":"standard","meta":{"_FSMCFIC_featured_image_caption":"","_FSMCFIC_featured_image_nocaption":"","_FSMCFIC_featured_image_hide":"","footnotes":""},"categories":[56],"tags":[],"class_list":["post-4013","post","type-post","status-publish","format-standard","has-post-thumbnail","hentry","category-izbor-urednika"],"_links":{"self":[{"href":"https:\/\/www.prozorivrata.com\/hr\/wp-json\/wp\/v2\/posts\/4013","targetHints":{"allow":["GET"]}}],"collection":[{"href":"https:\/\/www.prozorivrata.com\/hr\/wp-json\/wp\/v2\/posts"}],"about":[{"href":"https:\/\/www.prozorivrata.com\/hr\/wp-json\/wp\/v2\/types\/post"}],"author":[{"embeddable":true,"href":"https:\/\/www.prozorivrata.com\/hr\/wp-json\/wp\/v2\/users\/3"}],"replies":[{"embeddable":true,"href":"https:\/\/www.prozorivrata.com\/hr\/wp-json\/wp\/v2\/comments?post=4013"}],"version-history":[{"count":8,"href":"https:\/\/www.prozorivrata.com\/hr\/wp-json\/wp\/v2\/posts\/4013\/revisions"}],"predecessor-version":[{"id":4031,"href":"https:\/\/www.prozorivrata.com\/hr\/wp-json\/wp\/v2\/posts\/4013\/revisions\/4031"}],"wp:featuredmedia":[{"embeddable":true,"href":"https:\/\/www.prozorivrata.com\/hr\/wp-json\/wp\/v2\/media\/4024"}],"wp:attachment":[{"href":"https:\/\/www.prozorivrata.com\/hr\/wp-json\/wp\/v2\/media?parent=4013"}],"wp:term":[{"taxonomy":"category","embeddable":true,"href":"https:\/\/www.prozorivrata.com\/hr\/wp-json\/wp\/v2\/categories?post=4013"},{"taxonomy":"post_tag","embeddable":true,"href":"https:\/\/www.prozorivrata.com\/hr\/wp-json\/wp\/v2\/tags?post=4013"}],"curies":[{"name":"wp","href":"https:\/\/api.w.org\/{rel}","templated":true}]}}