{"id":3601,"date":"2021-09-10T05:55:05","date_gmt":"2021-09-10T04:55:05","guid":{"rendered":"https:\/\/www.prozorivrata.com\/hr\/?p=3601"},"modified":"2022-09-16T08:20:04","modified_gmt":"2022-09-16T07:20:04","slug":"rijec-urednika-naprijed-punim-jedrima","status":"publish","type":"post","link":"https:\/\/www.prozorivrata.com\/hr\/rijec-urednika-naprijed-punim-jedrima\/","title":{"rendered":"RIje\u010d urednika: Naprijed punim jedrima&#8230;"},"content":{"rendered":"\n<p>Po\u0161tovani,<\/p>\n\n\n\n<p>U ljetnim mjesecima imali smo nekolicinu sastanaka sa na\u0161im klijentima, arhitektima i investitorima. Teme su svakako bile rast cijena gra\u0111evinskog materijala, od PVC i ALU profila, pa do stakla i \u010delika, sve je zna\u010dajno poskupilo i to se osjeti na gotovom proizvodu ili u ovom slu\u010daju prozoru ili vratima. Za sada investitori amortiziraju rast cijene materijala, jo\u0161 ve\u0107im rastom \u010detvornog metra stana, ali se svakako name\u0107e pitanje koliko \u0107e cijene i\u0107i gore kada se radi o materijalima i da li ima prostora za jo\u0161 ve\u0107i rast stanova u novogradnji? Kako stvari stoje, svi iz ovog lanca \u0107e godinu zavr\u0161iti sa rastom prodaje u odnosu na 2020. godinu, a iskreno se nadam da 2022. ne\u0107e biti ni\u0161ta manje uspje\u0161na za sve nas, jer ipak je gra\u0111evinski sektor je jedan od pokreta\u010da na\u0161e ekonomije.<\/p>\n\n\n\n<p>Mislim da smo se svi odli\u010dno prilagodili vremenu Corone i imam osje\u0107aj da je virus vi\u0161e prisutan u medijima kroz brojeve nego u realnom \u017eivotu i ekonomiji. Svi smo svjedoci da \u0107e turisti\u010dka sezona bit zadovoljavaju\u0107a i mo\u017eda iznad o\u010dekivanja, a pona\u0161anje na\u0161ih gostiju\/turista nam govori da je i njima dosta ograni\u010denja i restrikcija izazvanih Corona virusom i da smo se svi za\u017eeljeli normalnog \u017eivota. Kompletan sektor gra\u0111evinarstva radi potpuno isto kao prije Corone, a neki \u010dak posti\u017eu i bolje rezultate. Tako i proizvodnja stolarije i fasada, koja je naslonjena na Gra\u0111evinsku industriju ostvaruje odli\u010dne rezultate i to je ono \u0161to nas raduje.<\/p>\n\n\n\n<div class=\"wp-block-image\"><figure class=\"aligncenter size-large\"><img decoding=\"async\" width=\"1024\" height=\"652\" src=\"https:\/\/www.prozorivrata.com\/hr\/wp-content\/uploads\/sites\/4\/2021\/09\/Magazine_PROZORIVRATA-23-rujan-2021-1024x652.jpg\" alt=\"\u010casopis PROZORI&amp;VRATA broj 23, Rujan 2021 - Hrvatska\" class=\"wp-image-3603\" srcset=\"https:\/\/www.prozorivrata.com\/hr\/wp-content\/uploads\/sites\/4\/2021\/09\/Magazine_PROZORIVRATA-23-rujan-2021-1024x652.jpg 1024w, https:\/\/www.prozorivrata.com\/hr\/wp-content\/uploads\/sites\/4\/2021\/09\/Magazine_PROZORIVRATA-23-rujan-2021-300x191.jpg 300w, https:\/\/www.prozorivrata.com\/hr\/wp-content\/uploads\/sites\/4\/2021\/09\/Magazine_PROZORIVRATA-23-rujan-2021-768x489.jpg 768w, https:\/\/www.prozorivrata.com\/hr\/wp-content\/uploads\/sites\/4\/2021\/09\/Magazine_PROZORIVRATA-23-rujan-2021-750x478.jpg 750w, https:\/\/www.prozorivrata.com\/hr\/wp-content\/uploads\/sites\/4\/2021\/09\/Magazine_PROZORIVRATA-23-rujan-2021-1140x726.jpg 1140w, https:\/\/www.prozorivrata.com\/hr\/wp-content\/uploads\/sites\/4\/2021\/09\/Magazine_PROZORIVRATA-23-rujan-2021.jpg 1200w\" sizes=\"(max-width: 1024px) 100vw, 1024px\" \/><figcaption>\u010casopis PROZORI&amp;VRATA broj 23, Rujan 2021 &#8211; Hrvatska<\/figcaption><\/figure><\/div>\n\n\n\n<p>Me\u0111unarodna konferencija \u201eDan prozora 2020\u201d je bilo zadnje okupljanje ljudi iz struke u o\u017eujku pro\u0161le godine prije po\u010detka Corona pandemije, a kako stvari stoje biti \u0107e i prvo okupljanje svih nas koji radimo u ovoj bran\u0161i. <a href=\"https:\/\/www.prozorivrata.com\/hr\/datum-odrzavanja-8-medunarodne-konferencije-dan-prozora-u-zagrebu\/\" target=\"_blank\" rel=\"noreferrer noopener\">Zakazana je za 21.9.2021. u hotelu Antunovi\u0107, Zagreb<\/a>. Biti \u0107e to odli\u010dna prilika da se sretnu svi proizvo\u0111a\u010di gra\u0111evinske stolarije, profila, stakla i popratne industrije i da razmjene iskustva. Mi \u0107emo i ove godine biti glavni medijski sponzor manifestacije i nadam se da se vidimo 21.09. na Konferenciji.<\/p>\n\n\n\n<h2 class=\"wp-block-heading\">NOVO izdanje \u010dasopisa PROZORI&amp;VRATA listajte klikom na <a href=\"https:\/\/www.prozorivrata.com\/izdanje\/br23\/\" target=\"_blank\" rel=\"noreferrer noopener\">LINK<\/a> <\/h2>\n\n\n\n<p>\u017divimo u vremenu kada je napredak tehnologije u svim segmentima gotovo svakodnevno vidljiv i nama kao jednom od vode\u0107ih izdanja u regiji ne preostaje ni\u0161ta drugo nego da oslu\u0161kujemo potrebe tr\u017ei\u0161ta i svojim radom kako u print, tako i na web izdanju budemo za korak ispred drugih. Brendovi koji rade sa nama davno su prepoznali na\u0161u energiju i konstantni entuzijazam, a mi im vra\u0107amo na\u0161im najboljim izdanjem na svaka tri mjeseca.<\/p>\n\n\n\n<p>Mi nastavljamo maksimalno posve\u0107eni i puni pozitivne energije jer druga\u010dije i ne znamo.<\/p>\n\n\n\n<p>\u010citamo se i dalje\u2026<\/p>\n\n\n\n<p>S po\u0161tovanjem,<br>Predrag Ra\u0111en, urednik izdanja<\/p>\n\n\n\n<figure class=\"wp-block-image is-resized\"><img decoding=\"async\" src=\"https:\/\/www.prozorivrata.com\/hr\/wp-content\/uploads\/sites\/4\/2021\/03\/potpis-Predrag-Radjen.jpg\" alt=\"Predrag Ra\u0111en potpis\" width=\"193\" height=\"109\"\/><\/figure>\n","protected":false},"excerpt":{"rendered":"<p>Po\u0161tovani, U ljetnim mjesecima imali smo nekolicinu sastanaka sa na\u0161im klijentima, arhitektima i investitorima. Teme su svakako bile rast cijena gra\u0111evinskog materijala, od PVC i ALU profila, pa do stakla i \u010delika, sve je zna\u010dajno poskupilo i to se osjeti na gotovom proizvodu ili u ovom slu\u010daju prozoru ili vratima. Za sada investitori amortiziraju rast [&hellip;]<\/p>\n","protected":false},"author":3,"featured_media":3604,"comment_status":"closed","ping_status":"closed","sticky":false,"template":"","format":"standard","meta":{"_FSMCFIC_featured_image_caption":"","_FSMCFIC_featured_image_nocaption":"","_FSMCFIC_featured_image_hide":"","footnotes":""},"categories":[56,47],"tags":[61,505,506,60],"class_list":["post-3601","post","type-post","status-publish","format-standard","has-post-thumbnail","hentry","category-izbor-urednika","category-novosti","tag-casopis-prozorivrata","tag-novo-izdanje","tag-online-izdanje","tag-rijec-urednika"],"_links":{"self":[{"href":"https:\/\/www.prozorivrata.com\/hr\/wp-json\/wp\/v2\/posts\/3601","targetHints":{"allow":["GET"]}}],"collection":[{"href":"https:\/\/www.prozorivrata.com\/hr\/wp-json\/wp\/v2\/posts"}],"about":[{"href":"https:\/\/www.prozorivrata.com\/hr\/wp-json\/wp\/v2\/types\/post"}],"author":[{"embeddable":true,"href":"https:\/\/www.prozorivrata.com\/hr\/wp-json\/wp\/v2\/users\/3"}],"replies":[{"embeddable":true,"href":"https:\/\/www.prozorivrata.com\/hr\/wp-json\/wp\/v2\/comments?post=3601"}],"version-history":[{"count":4,"href":"https:\/\/www.prozorivrata.com\/hr\/wp-json\/wp\/v2\/posts\/3601\/revisions"}],"predecessor-version":[{"id":3908,"href":"https:\/\/www.prozorivrata.com\/hr\/wp-json\/wp\/v2\/posts\/3601\/revisions\/3908"}],"wp:featuredmedia":[{"embeddable":true,"href":"https:\/\/www.prozorivrata.com\/hr\/wp-json\/wp\/v2\/media\/3604"}],"wp:attachment":[{"href":"https:\/\/www.prozorivrata.com\/hr\/wp-json\/wp\/v2\/media?parent=3601"}],"wp:term":[{"taxonomy":"category","embeddable":true,"href":"https:\/\/www.prozorivrata.com\/hr\/wp-json\/wp\/v2\/categories?post=3601"},{"taxonomy":"post_tag","embeddable":true,"href":"https:\/\/www.prozorivrata.com\/hr\/wp-json\/wp\/v2\/tags?post=3601"}],"curies":[{"name":"wp","href":"https:\/\/api.w.org\/{rel}","templated":true}]}}