{"id":3578,"date":"2021-08-26T06:34:21","date_gmt":"2021-08-26T06:34:21","guid":{"rendered":"https:\/\/www.prozorivrata.com\/hr\/?p=3578"},"modified":"2024-09-27T19:56:08","modified_gmt":"2024-09-27T18:56:08","slug":"14-dani-pasivne-kuce-u-hrvatskoj-5-7-studeni-2021-online","status":"publish","type":"post","link":"https:\/\/www.prozorivrata.com\/hr\/14-dani-pasivne-kuce-u-hrvatskoj-5-7-studeni-2021-online\/","title":{"rendered":"14. Dani pasivne ku\u0107e u Hrvatskoj, 5.-7. studeni 2021. online"},"content":{"rendered":"\n<p>14. Dani pasivne ku\u0107e u Hrvatskoj (PKHR) \u0107e kao trodnevni me\u0111unarodni stru\u010dno znanstveni skup u organizaciji Konzorcija pasivna ku\u0107a Hrvatska (KPKH) i ove godine odr\u017eati kontinuitet brojnim predavanjima i prezentacijama uz planirane stru\u010dne obilaske online, a po mogu\u0107nosti i u\u017eivo, ovisno o epidemiolo\u0161koj situaciji.<\/p>\n\n\n\n<p>Pro\u0161logodi\u0161nji, 13. Dani PKHR, odr\u017eani su pod najvi\u0161im dru\u0161tvenim i profesionalnim pokroviteljstvima, prvi put online, a uz tradicionalni trodnevni program, zbog velikog interesa odr\u017ean je i dodatni, \u010detvrti dan, posebno posve\u0107en obnovi nakon potresa u Zagrebu, susjednim \u017eupanijama i na Banovini. Predavanja o modelima obnove, odnosno o naprednim energetski u\u010dinkovitim materijalima, elementima i sustavima koji su primijenjeni od po\u010detka projektiranja u sinergiji svih dionika, do izvo\u0111enja i prvih rezultata investicijske i uporabne uspje\u0161nosti, privukli su veliki broj zainteresiranih. 13. Dani su bili prvi stru\u010dno znanstveni skup s me\u0111unarodnim sudjelovanjem odr\u017eanim na toj razini.<\/p>\n\n\n<div class=\"wp-block-image\">\n<figure class=\"aligncenter size-large\"><img decoding=\"async\" width=\"724\" height=\"1024\" src=\"https:\/\/www.prozorivrata.com\/hr\/wp-content\/uploads\/sites\/4\/2021\/08\/14-DANI-PASIVNE-KUCE-724x1024.jpg\" alt=\"14. Dani pasivne ku\u0107e u Hrvatskoj (PKHR)\" class=\"wp-image-3580\" srcset=\"https:\/\/www.prozorivrata.com\/hr\/wp-content\/uploads\/sites\/4\/2021\/08\/14-DANI-PASIVNE-KUCE-724x1024.jpg 724w, https:\/\/www.prozorivrata.com\/hr\/wp-content\/uploads\/sites\/4\/2021\/08\/14-DANI-PASIVNE-KUCE-212x300.jpg 212w, https:\/\/www.prozorivrata.com\/hr\/wp-content\/uploads\/sites\/4\/2021\/08\/14-DANI-PASIVNE-KUCE-768x1087.jpg 768w, https:\/\/www.prozorivrata.com\/hr\/wp-content\/uploads\/sites\/4\/2021\/08\/14-DANI-PASIVNE-KUCE-750x1061.jpg 750w, https:\/\/www.prozorivrata.com\/hr\/wp-content\/uploads\/sites\/4\/2021\/08\/14-DANI-PASIVNE-KUCE.jpg 800w\" sizes=\"(max-width: 724px) 100vw, 724px\" \/><figcaption class=\"wp-element-caption\">14. Dani pasivne ku\u0107e u Hrvatskoj (PKHR) <\/figcaption><\/figure>\n<\/div>\n\n\n<p>Ovogodi\u0161njim 14. Danima \u017eelimo uz va\u0161e sudjelovanje nastaviti aktivnosti na temelju dugogodi\u0161nje uspje\u0161ne prakse.<\/p>\n\n\n\n<p>\u010cetrnaest godina kontinuiteta o najnaprednijoj energetski visoko u\u010dinkovitoj novogradnji i dubinskoj obnovi \u201cfaktor 10\u201d.<br>U susret 2030. i 2050.!<\/p>\n\n\n\n<p><strong>Teme:<\/strong><\/p>\n\n\n\n<ul class=\"wp-block-list\">\n<li>Pasivna ku\u0107a plus i premium (A+++)<\/li>\n\n\n\n<li>Projekti i ostvarenja u Hrvatskoj i svijetu<\/li>\n\n\n\n<li>Regije pasivnih ku\u0107a<\/li>\n\n\n\n<li>Pasivna ku\u0107a za sve<\/li>\n\n\n\n<li>Izlo\u017eba, stru\u010dni obilasci<\/li>\n\n\n\n<li>Zeleni plan EU 2050<\/li>\n\n\n\n<li>Novi europski Bauhaus<\/li>\n<\/ul>\n\n\n\n<p>Za Organizacijski odbor:<br>Red.prof.art. Ljubomir Mi\u0161\u010devi\u0107, dipl.ing.arh.<br>Konzorcija pasivna ku\u0107a Hrvatska<\/p>\n\n\n\n<p>Online prijavnica: <a href=\"https:\/\/www.kpk.hr\/\" target=\"_blank\" rel=\"noreferrer noopener\">www.kpk.hr<\/a><\/p>\n\n\n\n<p><a href=\"mailto:info@kpk.hr\" target=\"_blank\" rel=\"noreferrer noopener\">info@kpk.hr<\/a><br><a href=\"mailto:miscevic@arhitekt.hr\" target=\"_blank\" rel=\"noreferrer noopener\">miscevic@arhitekt.hr<\/a><\/p>\n","protected":false},"excerpt":{"rendered":"<p>14. Dani pasivne ku\u0107e u Hrvatskoj (PKHR) \u0107e kao trodnevni me\u0111unarodni stru\u010dno znanstveni skup u organizaciji Konzorcija pasivna ku\u0107a Hrvatska (KPKH) i ove godine odr\u017eati kontinuitet brojnim predavanjima i prezentacijama uz planirane stru\u010dne obilaske online, a po mogu\u0107nosti i u\u017eivo, ovisno o epidemiolo\u0161koj situaciji. Pro\u0161logodi\u0161nji, 13. Dani PKHR, odr\u017eani su pod najvi\u0161im dru\u0161tvenim i profesionalnim [&hellip;]<\/p>\n","protected":false},"author":3,"featured_media":3579,"comment_status":"open","ping_status":"closed","sticky":false,"template":"","format":"standard","meta":{"_FSMCFIC_featured_image_caption":"","_FSMCFIC_featured_image_nocaption":"","_FSMCFIC_featured_image_hide":"","footnotes":""},"categories":[47],"tags":[246,240,245,242],"class_list":["post-3578","post","type-post","status-publish","format-standard","has-post-thumbnail","hentry","category-novosti","tag-dani-pasivne-kuce","tag-edukacija","tag-konzorcij-pasivna-kuca-hrvatska","tag-ljubomir-miscevic"],"_links":{"self":[{"href":"https:\/\/www.prozorivrata.com\/hr\/wp-json\/wp\/v2\/posts\/3578","targetHints":{"allow":["GET"]}}],"collection":[{"href":"https:\/\/www.prozorivrata.com\/hr\/wp-json\/wp\/v2\/posts"}],"about":[{"href":"https:\/\/www.prozorivrata.com\/hr\/wp-json\/wp\/v2\/types\/post"}],"author":[{"embeddable":true,"href":"https:\/\/www.prozorivrata.com\/hr\/wp-json\/wp\/v2\/users\/3"}],"replies":[{"embeddable":true,"href":"https:\/\/www.prozorivrata.com\/hr\/wp-json\/wp\/v2\/comments?post=3578"}],"version-history":[{"count":2,"href":"https:\/\/www.prozorivrata.com\/hr\/wp-json\/wp\/v2\/posts\/3578\/revisions"}],"predecessor-version":[{"id":7824,"href":"https:\/\/www.prozorivrata.com\/hr\/wp-json\/wp\/v2\/posts\/3578\/revisions\/7824"}],"wp:featuredmedia":[{"embeddable":true,"href":"https:\/\/www.prozorivrata.com\/hr\/wp-json\/wp\/v2\/media\/3579"}],"wp:attachment":[{"href":"https:\/\/www.prozorivrata.com\/hr\/wp-json\/wp\/v2\/media?parent=3578"}],"wp:term":[{"taxonomy":"category","embeddable":true,"href":"https:\/\/www.prozorivrata.com\/hr\/wp-json\/wp\/v2\/categories?post=3578"},{"taxonomy":"post_tag","embeddable":true,"href":"https:\/\/www.prozorivrata.com\/hr\/wp-json\/wp\/v2\/tags?post=3578"}],"curies":[{"name":"wp","href":"https:\/\/api.w.org\/{rel}","templated":true}]}}