{"id":3521,"date":"2021-08-09T06:58:18","date_gmt":"2021-08-09T06:58:18","guid":{"rendered":"https:\/\/www.prozorivrata.com\/hr\/?p=3521"},"modified":"2021-08-24T07:01:16","modified_gmt":"2021-08-24T07:01:16","slug":"40-medunarodna-ljetna-skola-arhitekture-tradicija-kreativnost-i-odrzivost-pocinje-virtualno-online-u-motovunu-u-ponedjeljak-9-8-2021-otvorenjem-u-2030","status":"publish","type":"post","link":"https:\/\/www.prozorivrata.com\/hr\/40-medunarodna-ljetna-skola-arhitekture-tradicija-kreativnost-i-odrzivost-pocinje-virtualno-online-u-motovunu-u-ponedjeljak-9-8-2021-otvorenjem-u-2030\/","title":{"rendered":"40. me\u0111unarodna ljetna \u0161kola arhitekture Tradicija, kreativnost i odr\u017eivost, po\u010dinje virtualno (ONLINE) u Motovunu, u ponedjeljak, 9.8.2021. otvorenjem u 20:30."},"content":{"rendered":"\n<p>Drage kolegice i kolege, studentice i studenti,<\/p>\n\n\n\n<p>40. me\u0111unarodna ljetna \u0161kola arhitekture Tradicija, kreativnost i odr\u017eivost, po\u010dinje virtualno (ONLINE) u Motovunu, u ponedjeljak, 9.8.2021. otvorenjem u 20:30.<\/p>\n\n\n\n<p>Uz prigodne rije\u010di uzvanika i zvukove saksofona prof. Aljo\u0161e Muti\u0107a, Round Midnight i dr., nastavlja se moje uvodno predavanje s osvrtom na rad \u0161kole u protekla \u010detiri desetlje\u0107a. Otvorenje zavr\u0161ava uz dvije pjesme irskog kantautora Barryja Cruida, koji je u okviru \u0161kole u Motovunu odr\u017eao dva javna koncerta u kino dvorani Bauer. Prvi je bio povodom 30. obljetnice \u0161kole. Prenijet \u0107emo vam ekskluzivno dvije pjesme po njegovom izboru; Roof i Path.<\/p>\n\n\n\n<p>Formalno otvorenje \u0161kole nastavljamo u utorak, 10.8. u 10:00 sati sudjelovanjem onih koji ne\u0107e biti u mogu\u0107nosti pridru\u017eiti nam se u ponedjeljak.<\/p>\n\n\n\n<p>Zbog \u017eeljene i potrebne maksimalne fleksibilnosti, program \u0107e se definirati za svaki predstoje\u0107i dan, dan (ili vi\u0161e) unaprijed, zbog velikog broja pozvanih predava\u010da i svih vas koji se mo\u017eete uklju\u010diti kroz pet dana u sljede\u0107em tjednu (od utorka, 10.8. do subote, 14.8), unutar tri dnevna termina.<\/p>\n\n\n\n<p>Zato vas molim da mi \u0161to prije javite svoj termin (mogu\u0107e termine) sudjelovanja, kako bi mogli napraviti kona\u010dni dnevni program i svima ga pravovremeno poslati.<\/p>\n\n\n\n<p>Uklju\u010dite se u posebno obljetni\u010dko ostvarenje radnog programa \u0161kole i kolegijalno dru\u017eenje od kojeg \u0107e se napraviti digitalni \/ video zapis!<\/p>\n\n\n\n<p class=\"has-text-align-center\"><strong>Prema New age znanstvenicima, Motovun je najsna\u017enije izvori\u0161te pozitivne energije u svijetu!<\/strong><\/p>\n\n\n\n<p>Poku\u0161ajmo je kao i do sada na\u0161om \u0161kolom prenijeti svima globalno, a napose mnogima kojima je u ovom trenutku potrebna!<\/p>\n\n\n\n<h3 class=\"wp-block-heading\">Uklju\u010denje na Zoom platformu, kao i pro\u0161le godine je vrlo jednostavno, preko stranice Konzorcija pasivna ku\u0107a Hrvatska: <a href=\"http:\/\/www.kpk.hr\" target=\"_blank\" rel=\"noreferrer noopener\">www.kpk.hr<\/a><br><strong>Na naslovnoj stranici trebate samo kliknuti na CLICK HERE.<\/strong> <\/h3>\n\n\n\n<p>Vidimo se u virtualnoj realnosti Motovuna!<br>Dobro do\u0161li!<\/p>\n\n\n\n<p>Srda\u010dan pozdrav,<\/p>\n\n\n\n<p>Red. prof. art. Ljubomir Mi\u0161\u010devi\u0107, dipl. ing. arh.<br>Voditelj Studijskog centra Motovun<br>Voditelj Me\u0111unarodne ljetne \u0161kole arhitekture u Motovunu<br>Voditelj kolegija Tradicija, kreativnost i odr\u017eivost<\/p>\n\n\n\n<figure class=\"wp-block-image size-full is-resized\"><img decoding=\"async\" src=\"https:\/\/www.prozorivrata.com\/hr\/wp-content\/uploads\/sites\/4\/2021\/08\/Af-logo.jpg\" alt=\"Arhitektonski fakultet u Zagrebu\" class=\"wp-image-3518\" width=\"301\" height=\"99\" srcset=\"https:\/\/www.prozorivrata.com\/hr\/wp-content\/uploads\/sites\/4\/2021\/08\/Af-logo.jpg 401w, https:\/\/www.prozorivrata.com\/hr\/wp-content\/uploads\/sites\/4\/2021\/08\/Af-logo-300x99.jpg 300w\" sizes=\"(max-width: 301px) 100vw, 301px\" \/><\/figure>\n\n\n\n<p><a href=\"http:\/\/www.arhitekt.hr\" target=\"_blank\" rel=\"noreferrer noopener\">www.arhitekt.hr<\/a><br><a href=\"http:\/\/ww.kpk.hr\" target=\"_blank\" rel=\"noreferrer noopener\">www.kpk.hr<\/a><br><a href=\"mailto:miscevic@arhitekt.hr\">miscevic@arhitekt.hr<\/a><br><a href=\"mailto:motovun@arhitekt.hr\" target=\"_blank\" rel=\"noreferrer noopener\">motovun@arhitekt.hr<br><\/a>+385 98 230940 (mobilne mre\u017ee ili WhatsApp)<\/p>\n","protected":false},"excerpt":{"rendered":"<p>Drage kolegice i kolege, studentice i studenti, 40. me\u0111unarodna ljetna \u0161kola arhitekture Tradicija, kreativnost i odr\u017eivost, po\u010dinje virtualno (ONLINE) u Motovunu, u ponedjeljak, 9.8.2021. otvorenjem u 20:30. Uz prigodne rije\u010di uzvanika i zvukove saksofona prof. Aljo\u0161e Muti\u0107a, Round Midnight i dr., nastavlja se moje uvodno predavanje s osvrtom na rad \u0161kole u protekla \u010detiri desetlje\u0107a. [&hellip;]<\/p>\n","protected":false},"author":3,"featured_media":3522,"comment_status":"open","ping_status":"closed","sticky":false,"template":"","format":"standard","meta":{"_FSMCFIC_featured_image_caption":"","_FSMCFIC_featured_image_nocaption":"","_FSMCFIC_featured_image_hide":"","footnotes":""},"categories":[47,46],"tags":[241,240,245,242,244,243],"class_list":["post-3521","post","type-post","status-publish","format-standard","has-post-thumbnail","hentry","category-novosti","category-arhitektura","tag-arhitektonski-fakultet","tag-edukacija","tag-konzorcij-pasivna-kuca-hrvatska","tag-ljubomir-miscevic","tag-medunarodna-ljetnja-skola","tag-motovun"],"_links":{"self":[{"href":"https:\/\/www.prozorivrata.com\/hr\/wp-json\/wp\/v2\/posts\/3521","targetHints":{"allow":["GET"]}}],"collection":[{"href":"https:\/\/www.prozorivrata.com\/hr\/wp-json\/wp\/v2\/posts"}],"about":[{"href":"https:\/\/www.prozorivrata.com\/hr\/wp-json\/wp\/v2\/types\/post"}],"author":[{"embeddable":true,"href":"https:\/\/www.prozorivrata.com\/hr\/wp-json\/wp\/v2\/users\/3"}],"replies":[{"embeddable":true,"href":"https:\/\/www.prozorivrata.com\/hr\/wp-json\/wp\/v2\/comments?post=3521"}],"version-history":[{"count":1,"href":"https:\/\/www.prozorivrata.com\/hr\/wp-json\/wp\/v2\/posts\/3521\/revisions"}],"predecessor-version":[{"id":3523,"href":"https:\/\/www.prozorivrata.com\/hr\/wp-json\/wp\/v2\/posts\/3521\/revisions\/3523"}],"wp:featuredmedia":[{"embeddable":true,"href":"https:\/\/www.prozorivrata.com\/hr\/wp-json\/wp\/v2\/media\/3522"}],"wp:attachment":[{"href":"https:\/\/www.prozorivrata.com\/hr\/wp-json\/wp\/v2\/media?parent=3521"}],"wp:term":[{"taxonomy":"category","embeddable":true,"href":"https:\/\/www.prozorivrata.com\/hr\/wp-json\/wp\/v2\/categories?post=3521"},{"taxonomy":"post_tag","embeddable":true,"href":"https:\/\/www.prozorivrata.com\/hr\/wp-json\/wp\/v2\/tags?post=3521"}],"curies":[{"name":"wp","href":"https:\/\/api.w.org\/{rel}","templated":true}]}}