{"id":3030,"date":"2021-04-01T06:57:29","date_gmt":"2021-04-01T06:57:29","guid":{"rendered":"https:\/\/www.prozorivrata.com\/hr\/?p=3030"},"modified":"2021-12-30T08:16:29","modified_gmt":"2021-12-30T08:16:29","slug":"provedive-ideje-na-jednom-mjestu","status":"publish","type":"post","link":"https:\/\/www.prozorivrata.com\/hr\/provedive-ideje-na-jednom-mjestu\/","title":{"rendered":"Provedive ideje na jednom mjestu"},"content":{"rendered":"\n<p>FEAL d.o.o., kao vode\u0107i regionalni proizvo\u0111a\u010d aluminijskih sistema u gra\u0111evinarstvu, spreman je svojim kupcima ponuditi \u0161iroku paletu svojih standardnih, ali i proizvoda s posebnim zahtjevima. <\/p>\n\n\n\n<p>Na tr\u017ei\u0161tu smo ve\u0107 vi\u0161e od 20 godina, a ostvarene reference govore same za sebe. Na\u0161i kupci dobivaju od istog dobavlja\u010da sistem, povr\u0161insku za\u0161titu (plastifikacija, eloksa\u017ea), dodatnu obradu i sli\u010dno. Svaka ideja projektanta ili investitora provediva je unutar iste tvornice, \u0161to je jedinstven slu\u010daj u ovom dijelu Europe.<\/p>\n\n\n\n<p class=\"has-text-align-center\">Hoteli \u2013 klizne i podizno-klizne stijene, fasade, sjenila<\/p>\n\n\n\n<figure class=\"wp-block-gallery columns-2 is-cropped wp-block-gallery-1 is-layout-flex wp-block-gallery-is-layout-flex\"><ul class=\"blocks-gallery-grid\"><li class=\"blocks-gallery-item\"><figure><img decoding=\"async\" width=\"1024\" height=\"683\" src=\"https:\/\/www.prozorivrata.com\/hr\/wp-content\/uploads\/sites\/4\/2021\/04\/FEAL-aluminijske-fasade-klizne-podizno-klizne-stjene-fasade-sjenila-1024x683.jpg\" alt=\"Hoteli \u2013 klizne i podizno-klizne stijene, fasade, sjenila\" data-id=\"3036\" data-full-url=\"https:\/\/www.prozorivrata.com\/hr\/wp-content\/uploads\/sites\/4\/2021\/04\/FEAL-aluminijske-fasade-klizne-podizno-klizne-stjene-fasade-sjenila.jpg\" data-link=\"https:\/\/www.prozorivrata.com\/hr\/?attachment_id=3036\" class=\"wp-image-3036\" srcset=\"https:\/\/www.prozorivrata.com\/hr\/wp-content\/uploads\/sites\/4\/2021\/04\/FEAL-aluminijske-fasade-klizne-podizno-klizne-stjene-fasade-sjenila-1024x683.jpg 1024w, https:\/\/www.prozorivrata.com\/hr\/wp-content\/uploads\/sites\/4\/2021\/04\/FEAL-aluminijske-fasade-klizne-podizno-klizne-stjene-fasade-sjenila-300x200.jpg 300w, https:\/\/www.prozorivrata.com\/hr\/wp-content\/uploads\/sites\/4\/2021\/04\/FEAL-aluminijske-fasade-klizne-podizno-klizne-stjene-fasade-sjenila-768x512.jpg 768w, https:\/\/www.prozorivrata.com\/hr\/wp-content\/uploads\/sites\/4\/2021\/04\/FEAL-aluminijske-fasade-klizne-podizno-klizne-stjene-fasade-sjenila-750x500.jpg 750w, https:\/\/www.prozorivrata.com\/hr\/wp-content\/uploads\/sites\/4\/2021\/04\/FEAL-aluminijske-fasade-klizne-podizno-klizne-stjene-fasade-sjenila-1140x760.jpg 1140w, https:\/\/www.prozorivrata.com\/hr\/wp-content\/uploads\/sites\/4\/2021\/04\/FEAL-aluminijske-fasade-klizne-podizno-klizne-stjene-fasade-sjenila.jpg 1200w\" sizes=\"(max-width: 1024px) 100vw, 1024px\" \/><figcaption class=\"blocks-gallery-item__caption\">Hoteli \u2013 klizne i podizno-klizne stijene, fasade, sjenila \/ foto: FEAL<\/figcaption><\/figure><\/li><li class=\"blocks-gallery-item\"><figure><img decoding=\"async\" width=\"1024\" height=\"683\" src=\"https:\/\/www.prozorivrata.com\/hr\/wp-content\/uploads\/sites\/4\/2021\/04\/FEAL-aluminijski-sistemi-balkonska-vrata-u-hotelu-1024x683.jpg\" alt=\"Hoteli \u2013 klizne i podizno-klizne stijene, fasade, sjenila\" data-id=\"3032\" data-full-url=\"https:\/\/www.prozorivrata.com\/hr\/wp-content\/uploads\/sites\/4\/2021\/04\/FEAL-aluminijski-sistemi-balkonska-vrata-u-hotelu.jpg\" data-link=\"https:\/\/www.prozorivrata.com\/hr\/?attachment_id=3032\" class=\"wp-image-3032\" srcset=\"https:\/\/www.prozorivrata.com\/hr\/wp-content\/uploads\/sites\/4\/2021\/04\/FEAL-aluminijski-sistemi-balkonska-vrata-u-hotelu-1024x683.jpg 1024w, https:\/\/www.prozorivrata.com\/hr\/wp-content\/uploads\/sites\/4\/2021\/04\/FEAL-aluminijski-sistemi-balkonska-vrata-u-hotelu-300x200.jpg 300w, https:\/\/www.prozorivrata.com\/hr\/wp-content\/uploads\/sites\/4\/2021\/04\/FEAL-aluminijski-sistemi-balkonska-vrata-u-hotelu-768x512.jpg 768w, https:\/\/www.prozorivrata.com\/hr\/wp-content\/uploads\/sites\/4\/2021\/04\/FEAL-aluminijski-sistemi-balkonska-vrata-u-hotelu-750x500.jpg 750w, https:\/\/www.prozorivrata.com\/hr\/wp-content\/uploads\/sites\/4\/2021\/04\/FEAL-aluminijski-sistemi-balkonska-vrata-u-hotelu-1140x760.jpg 1140w, https:\/\/www.prozorivrata.com\/hr\/wp-content\/uploads\/sites\/4\/2021\/04\/FEAL-aluminijski-sistemi-balkonska-vrata-u-hotelu.jpg 1200w\" sizes=\"(max-width: 1024px) 100vw, 1024px\" \/><figcaption class=\"blocks-gallery-item__caption\">Hoteli \u2013 klizne i podizno-klizne stijene, fasade, sjenila \/ foto: FEAL<\/figcaption><\/figure><\/li><\/ul><\/figure>\n\n\n\n<p class=\"has-text-align-center\">Zra\u010dna luka Franjo Tu\u0111man \u2013 fasada ra\u0111ena samo za taj projekt, a raster aluminijskih nosa\u010da krova kompletno proizveden u FEAL-u<\/p>\n\n\n\n<figure class=\"wp-block-gallery columns-3 is-cropped wp-block-gallery-2 is-layout-flex wp-block-gallery-is-layout-flex\"><ul class=\"blocks-gallery-grid\"><li class=\"blocks-gallery-item\"><figure><img decoding=\"async\" width=\"1000\" height=\"495\" src=\"https:\/\/www.prozorivrata.com\/hr\/wp-content\/uploads\/sites\/4\/2021\/04\/FEAL-Zracna-luka-Franjo-Tudjman-aluminijski-nosaci-fasada-1.jpg\" alt=\"Zra\u010dna luka Franjo Tu\u0111man\" data-id=\"3035\" data-full-url=\"https:\/\/www.prozorivrata.com\/hr\/wp-content\/uploads\/sites\/4\/2021\/04\/FEAL-Zracna-luka-Franjo-Tudjman-aluminijski-nosaci-fasada-1.jpg\" data-link=\"https:\/\/www.prozorivrata.com\/hr\/?attachment_id=3035\" class=\"wp-image-3035\" srcset=\"https:\/\/www.prozorivrata.com\/hr\/wp-content\/uploads\/sites\/4\/2021\/04\/FEAL-Zracna-luka-Franjo-Tudjman-aluminijski-nosaci-fasada-1.jpg 1000w, https:\/\/www.prozorivrata.com\/hr\/wp-content\/uploads\/sites\/4\/2021\/04\/FEAL-Zracna-luka-Franjo-Tudjman-aluminijski-nosaci-fasada-1-300x149.jpg 300w, https:\/\/www.prozorivrata.com\/hr\/wp-content\/uploads\/sites\/4\/2021\/04\/FEAL-Zracna-luka-Franjo-Tudjman-aluminijski-nosaci-fasada-1-768x380.jpg 768w, https:\/\/www.prozorivrata.com\/hr\/wp-content\/uploads\/sites\/4\/2021\/04\/FEAL-Zracna-luka-Franjo-Tudjman-aluminijski-nosaci-fasada-1-750x371.jpg 750w\" sizes=\"(max-width: 1000px) 100vw, 1000px\" \/><\/figure><\/li><li class=\"blocks-gallery-item\"><figure><img decoding=\"async\" width=\"1000\" height=\"495\" src=\"https:\/\/www.prozorivrata.com\/hr\/wp-content\/uploads\/sites\/4\/2021\/04\/FEAL-Zracna-luka-Franjo-Tudjman-aluminijski-nosaci-fasada-2.jpg\" alt=\"Zra\u010dna luka Franjo Tu\u0111man\" data-id=\"3034\" data-full-url=\"https:\/\/www.prozorivrata.com\/hr\/wp-content\/uploads\/sites\/4\/2021\/04\/FEAL-Zracna-luka-Franjo-Tudjman-aluminijski-nosaci-fasada-2.jpg\" data-link=\"https:\/\/www.prozorivrata.com\/hr\/?attachment_id=3034\" class=\"wp-image-3034\" srcset=\"https:\/\/www.prozorivrata.com\/hr\/wp-content\/uploads\/sites\/4\/2021\/04\/FEAL-Zracna-luka-Franjo-Tudjman-aluminijski-nosaci-fasada-2.jpg 1000w, https:\/\/www.prozorivrata.com\/hr\/wp-content\/uploads\/sites\/4\/2021\/04\/FEAL-Zracna-luka-Franjo-Tudjman-aluminijski-nosaci-fasada-2-300x149.jpg 300w, https:\/\/www.prozorivrata.com\/hr\/wp-content\/uploads\/sites\/4\/2021\/04\/FEAL-Zracna-luka-Franjo-Tudjman-aluminijski-nosaci-fasada-2-768x380.jpg 768w, https:\/\/www.prozorivrata.com\/hr\/wp-content\/uploads\/sites\/4\/2021\/04\/FEAL-Zracna-luka-Franjo-Tudjman-aluminijski-nosaci-fasada-2-750x371.jpg 750w\" sizes=\"(max-width: 1000px) 100vw, 1000px\" \/><\/figure><\/li><li class=\"blocks-gallery-item\"><figure><img decoding=\"async\" width=\"1000\" height=\"495\" src=\"https:\/\/www.prozorivrata.com\/hr\/wp-content\/uploads\/sites\/4\/2021\/04\/FEAL-Zracna-luka-Franjo-Tudjman-aluminijski-nosaci-fasada-3.jpg\" alt=\"Zra\u010dna luka Franjo Tu\u0111man\" data-id=\"3033\" data-full-url=\"https:\/\/www.prozorivrata.com\/hr\/wp-content\/uploads\/sites\/4\/2021\/04\/FEAL-Zracna-luka-Franjo-Tudjman-aluminijski-nosaci-fasada-3.jpg\" data-link=\"https:\/\/www.prozorivrata.com\/hr\/?attachment_id=3033\" class=\"wp-image-3033\" srcset=\"https:\/\/www.prozorivrata.com\/hr\/wp-content\/uploads\/sites\/4\/2021\/04\/FEAL-Zracna-luka-Franjo-Tudjman-aluminijski-nosaci-fasada-3.jpg 1000w, https:\/\/www.prozorivrata.com\/hr\/wp-content\/uploads\/sites\/4\/2021\/04\/FEAL-Zracna-luka-Franjo-Tudjman-aluminijski-nosaci-fasada-3-300x149.jpg 300w, https:\/\/www.prozorivrata.com\/hr\/wp-content\/uploads\/sites\/4\/2021\/04\/FEAL-Zracna-luka-Franjo-Tudjman-aluminijski-nosaci-fasada-3-768x380.jpg 768w, https:\/\/www.prozorivrata.com\/hr\/wp-content\/uploads\/sites\/4\/2021\/04\/FEAL-Zracna-luka-Franjo-Tudjman-aluminijski-nosaci-fasada-3-750x371.jpg 750w\" sizes=\"(max-width: 1000px) 100vw, 1000px\" \/><\/figure><\/li><\/ul><\/figure>\n\n\n\n<figure class=\"wp-block-image size-large is-resized\"><img decoding=\"async\" src=\"https:\/\/www.prozorivrata.com\/hr\/wp-content\/uploads\/sites\/4\/2021\/04\/FEAL-logo.jpg\" alt=\"FEAL logo\" class=\"wp-image-3031\" width=\"200\" height=\"77\" srcset=\"https:\/\/www.prozorivrata.com\/hr\/wp-content\/uploads\/sites\/4\/2021\/04\/FEAL-logo.jpg 400w, https:\/\/www.prozorivrata.com\/hr\/wp-content\/uploads\/sites\/4\/2021\/04\/FEAL-logo-300x115.jpg 300w\" sizes=\"(max-width: 200px) 100vw, 200px\" \/><\/figure>\n\n\n\n<p>FEAL<br>Rude\u0161ka cesta 3a<br>10000 Zagreb, Hrvatska<br>Tel: +385 1 386 60 22<br>Fax: +385 1 386 62 23<br><a href=\"mailto:info@feal.hr\" target=\"_blank\" rel=\"noreferrer noopener\">info@feal.hr<\/a><br><a href=\"http:\/\/www.feal.hr\" target=\"_blank\" rel=\"noreferrer noopener\">www.feal.hr<\/a><\/p>\n","protected":false},"excerpt":{"rendered":"<p>FEAL d.o.o., kao vode\u0107i regionalni proizvo\u0111a\u010d aluminijskih sistema u gra\u0111evinarstvu, spreman je svojim kupcima ponuditi \u0161iroku paletu svojih standardnih, ali i proizvoda s posebnim zahtjevima. Na tr\u017ei\u0161tu smo ve\u0107 vi\u0161e od 20 godina, a ostvarene reference govore same za sebe. Na\u0161i kupci dobivaju od istog dobavlja\u010da sistem, povr\u0161insku za\u0161titu (plastifikacija, eloksa\u017ea), dodatnu obradu i sli\u010dno. [&hellip;]<\/p>\n","protected":false},"author":3,"featured_media":3037,"comment_status":"open","ping_status":"closed","sticky":false,"template":"","format":"standard","meta":{"_FSMCFIC_featured_image_caption":"","_FSMCFIC_featured_image_nocaption":"","_FSMCFIC_featured_image_hide":"","footnotes":""},"categories":[54,7],"tags":[315],"class_list":["post-3030","post","type-post","status-publish","format-standard","has-post-thumbnail","hentry","category-promo","category-fasade","tag-feal"],"_links":{"self":[{"href":"https:\/\/www.prozorivrata.com\/hr\/wp-json\/wp\/v2\/posts\/3030","targetHints":{"allow":["GET"]}}],"collection":[{"href":"https:\/\/www.prozorivrata.com\/hr\/wp-json\/wp\/v2\/posts"}],"about":[{"href":"https:\/\/www.prozorivrata.com\/hr\/wp-json\/wp\/v2\/types\/post"}],"author":[{"embeddable":true,"href":"https:\/\/www.prozorivrata.com\/hr\/wp-json\/wp\/v2\/users\/3"}],"replies":[{"embeddable":true,"href":"https:\/\/www.prozorivrata.com\/hr\/wp-json\/wp\/v2\/comments?post=3030"}],"version-history":[{"count":3,"href":"https:\/\/www.prozorivrata.com\/hr\/wp-json\/wp\/v2\/posts\/3030\/revisions"}],"predecessor-version":[{"id":3041,"href":"https:\/\/www.prozorivrata.com\/hr\/wp-json\/wp\/v2\/posts\/3030\/revisions\/3041"}],"wp:featuredmedia":[{"embeddable":true,"href":"https:\/\/www.prozorivrata.com\/hr\/wp-json\/wp\/v2\/media\/3037"}],"wp:attachment":[{"href":"https:\/\/www.prozorivrata.com\/hr\/wp-json\/wp\/v2\/media?parent=3030"}],"wp:term":[{"taxonomy":"category","embeddable":true,"href":"https:\/\/www.prozorivrata.com\/hr\/wp-json\/wp\/v2\/categories?post=3030"},{"taxonomy":"post_tag","embeddable":true,"href":"https:\/\/www.prozorivrata.com\/hr\/wp-json\/wp\/v2\/tags?post=3030"}],"curies":[{"name":"wp","href":"https:\/\/api.w.org\/{rel}","templated":true}]}}