{"id":2507,"date":"2020-11-10T06:47:00","date_gmt":"2020-11-10T06:47:00","guid":{"rendered":"https:\/\/www.prozorivrata.com\/hr\/?p=2507"},"modified":"2020-11-09T10:48:23","modified_gmt":"2020-11-09T10:48:23","slug":"uvijek-pronalazimo-nove-nacine","status":"publish","type":"post","link":"https:\/\/www.prozorivrata.com\/hr\/uvijek-pronalazimo-nove-nacine\/","title":{"rendered":"Uvijek pronalazimo nove na\u010dine"},"content":{"rendered":"\n<p>GEALAN je do sada poprili\u010dno stabilno pro\u0161ao turbulentnu 2020. godinu. S jedne strane, zahvaljuju\u0107i stabilnim tr\u017ei\u0161tima u Njema\u010dkoj i Nizozemskoj, s druge strane, zahvaljuju\u0107i pouzdanim zaposlenicima te fleksibilnim i inovativnim rje\u0161enjima. S ciljem razvoj daljnjih inovacija i u\u010dinkovitih rje\u0161enja, predsjednik uprave GEALAN Fenster-Systeme GmbH, Ivica Maurovi\u0107 optimisti\u010dno gleda na nadolaze\u0107u godinu.<\/p>\n\n\n\n<p><em>\u201ePrije korone sve nam je isto po planu\u201c,<\/em> obja\u0161njava Ivica Maurovi\u0107, <em>\u201eimali smo sna\u017ean prvi kvartal 2020. godine.\u201c<\/em> Naknadni lockdown se jasno osjetio kod dobavlja\u010da profila za prozore i vrata. Zemlje poput Italije, \u0160panjolske i Francuske u to su vrijeme te\u0161ko pogo\u0111ene. Pad prodaje u travnju i svibnju se nije mogao izbje\u0107i. No, nakon toga, GEALAN se brzo vratio na pravi put: <em>\u201eOd lipnja se razvijamo bolje nego u isto vrijeme pro\u0161le godine. Nakon tre\u0107eg tromjese\u010dja \u010dak smo malo iznad razine iz prethodne godine.\u201c<\/em>, ka\u017ee Ivica Maurovi\u0107, opisuju\u0107i pozitivan trend u kriznim vremenima, a spremno nam nudi i obja\u0161njenje:<em> \u201ePosebno je u Njema\u010dkoj i Nizozemskoj industrija prozora bila stabilna i jo\u0161 uvijek ide dobro. Zahvaljuju\u0107i time, tako i na\u0161i kupci.\u201c<\/em><\/p>\n\n\n\n<div class=\"wp-block-image\"><figure class=\"aligncenter size-large\"><img decoding=\"async\" width=\"1024\" height=\"683\" src=\"https:\/\/www.prozorivrata.com\/hr\/wp-content\/uploads\/sites\/4\/2020\/09\/GEALAN-SMOOVIO-sustav-kliznih-prozora-PVC-1024x683.jpg\" alt=\"GEALAN-SMOOVIO, nova generacija kliznih elemenata za u\u0161tedu prostora uz jednostavno rukovanje\" class=\"wp-image-2257\" srcset=\"https:\/\/www.prozorivrata.com\/hr\/wp-content\/uploads\/sites\/4\/2020\/09\/GEALAN-SMOOVIO-sustav-kliznih-prozora-PVC-1024x683.jpg 1024w, https:\/\/www.prozorivrata.com\/hr\/wp-content\/uploads\/sites\/4\/2020\/09\/GEALAN-SMOOVIO-sustav-kliznih-prozora-PVC-300x200.jpg 300w, https:\/\/www.prozorivrata.com\/hr\/wp-content\/uploads\/sites\/4\/2020\/09\/GEALAN-SMOOVIO-sustav-kliznih-prozora-PVC-768x512.jpg 768w, https:\/\/www.prozorivrata.com\/hr\/wp-content\/uploads\/sites\/4\/2020\/09\/GEALAN-SMOOVIO-sustav-kliznih-prozora-PVC-750x500.jpg 750w, https:\/\/www.prozorivrata.com\/hr\/wp-content\/uploads\/sites\/4\/2020\/09\/GEALAN-SMOOVIO-sustav-kliznih-prozora-PVC-1140x760.jpg 1140w, https:\/\/www.prozorivrata.com\/hr\/wp-content\/uploads\/sites\/4\/2020\/09\/GEALAN-SMOOVIO-sustav-kliznih-prozora-PVC.jpg 1200w\" sizes=\"(max-width: 1024px) 100vw, 1024px\" \/><figcaption>GEALAN-SMOOVIO, nova generacija kliznih elemenata za u\u0161tedu prostora uz jednostavno rukovanje<\/figcaption><\/figure><\/div>\n\n\n\n<p>U poduze\u0107u GEALAN jednako se aktivno radilo na doprinosu za stabilnost u vrijeme krize. <em>\u201eUvijek smo pomno pratili situaciju nakon izbijanja pandemije. Bili smo oprezni i vi\u0161e puta smo poduzimali potrebne mjere, a prora\u010dun naravno prilago\u0111avali novoj stvarnosti.\u201c<\/em> Tu su i djelatnici koje posebno nagla\u0161ava: <em>\u201e\u017delio bih iskoristiti ovu priliku da im se posebno zahvalim. Za nas su oni sredi\u0161nji stup na\u0161eg poduze\u0107a i uvijek su nam bili oslonac \u010dak i u te\u0161kim mjesecima. \u010cak i kad smo morali smanjiti radno vrijeme, svi na\u0161i kupci mogli su o\u010dekivati jednaku kvalitetu usluge.\u201c<\/em><\/p>\n\n\n\n<p>Uz korporativne ciljeve koji se mogu mjeriti u brojkama, za 2020. godinu postavljeni su i strate\u0161ki ciljevi. S jedne strane postoji zadovoljstvo zaposlenika, \u0161to je posebno va\u017eno za korporativno upravljanje. S druge strane, GEALAN ima u fokusu rast, inovacije i u\u010dinkovitost. <em>\u201e\u017delimo rast zahvaljuju\u0107i razvojem inovativnih visokokvalitetnih proizvoda\u201c,<\/em> poru\u010duje Ivica Maurovi\u0107. <strong><em>\u201eNa\u0161 glavni fokus u 2020. godini bio je i ostaje ja\u010danje i pro\u0161irenje na\u0161e platforme sustava S 9000 na svim relevantnim tr\u017ei\u0161tima. \u017delimo se pozicionirati kao pionir u jedinstvenoj tehnologiji povr\u0161ine acrylcolor, desetlje\u0107ima dokazanoj tehnologiji koja dugoro\u010dno \u0161titi i uljep\u0161ava PVC prozore. Tako\u0111er, dodatno se fokusirati na stru\u010dnost na\u0161ih tehnika lijepljenja te inovacija s pjenom.\u201c <\/em><\/strong><\/p>\n\n\n\n<div class=\"wp-block-image\"><figure class=\"aligncenter size-large\"><img decoding=\"async\" width=\"1024\" height=\"683\" src=\"https:\/\/www.prozorivrata.com\/hr\/wp-content\/uploads\/sites\/4\/2020\/06\/GEALAN-CAIRE-smart-Zdrava-klima-u-zatvorenom-prostoru-1024x683.jpg\" alt=\"GEALAN-CAIRE\u00ae: novi program ventilacija s inovativnim rje\u0161enjima\" class=\"wp-image-1700\" srcset=\"https:\/\/www.prozorivrata.com\/hr\/wp-content\/uploads\/sites\/4\/2020\/06\/GEALAN-CAIRE-smart-Zdrava-klima-u-zatvorenom-prostoru-1024x683.jpg 1024w, https:\/\/www.prozorivrata.com\/hr\/wp-content\/uploads\/sites\/4\/2020\/06\/GEALAN-CAIRE-smart-Zdrava-klima-u-zatvorenom-prostoru-300x200.jpg 300w, https:\/\/www.prozorivrata.com\/hr\/wp-content\/uploads\/sites\/4\/2020\/06\/GEALAN-CAIRE-smart-Zdrava-klima-u-zatvorenom-prostoru-768x512.jpg 768w, https:\/\/www.prozorivrata.com\/hr\/wp-content\/uploads\/sites\/4\/2020\/06\/GEALAN-CAIRE-smart-Zdrava-klima-u-zatvorenom-prostoru-750x500.jpg 750w, https:\/\/www.prozorivrata.com\/hr\/wp-content\/uploads\/sites\/4\/2020\/06\/GEALAN-CAIRE-smart-Zdrava-klima-u-zatvorenom-prostoru-1140x760.jpg 1140w, https:\/\/www.prozorivrata.com\/hr\/wp-content\/uploads\/sites\/4\/2020\/06\/GEALAN-CAIRE-smart-Zdrava-klima-u-zatvorenom-prostoru.jpg 1200w\" sizes=\"(max-width: 1024px) 100vw, 1024px\" \/><figcaption>GEALAN-CAIRE\u00ae: novi program ventilacija s inovativnim rje\u0161enjima<\/figcaption><\/figure><\/div>\n\n\n\n<p>Zatim dolazi do \u0161irenja digitalizacije procesa i dodatne automatizacija u proizvodnji. Cilj je postati jo\u0161 u\u010dinkovitiji u samom poduze\u0107u GEALAN, no uz odgovorno kori\u0161tenje resursa, \u0161to je ve\u0107 dugi niz godina korporativna filozofija GEALAN-a. <em>\u201eGEALAN koristi zelenu elektri\u010dnu energiju i reciklira stare prozore. Na\u0161i se ekolo\u0161ki ciljevi planiraju, mjere, provjeravaju i redovite preispituju. No i ovdje se mo\u017eemo dalje razvijati.\u201c<\/em> U poduze\u0107u GEALAN, misija i vizija pru\u017eaju jasne strate\u0161ke temelje koje vode do akcije.<em> \u201e\u010cak i tijekom krize, uvijek smo ih nadzirali i to se isplatilo. Zbog toga se razvijamo \u010dak i bolje nego \u0161to se o\u010dekivalo u smislu strate\u0161kih ciljeva\u201c, <\/em>zadovoljno govori Ivica Maurovi\u0107.<\/p>\n\n\n\n<p><strong>Mnogi su se doga\u0111aji planirani za 2020. godinu morali otkazati, a neki njih bez zamjene. I ovdje je va\u017eno prona\u0107i nova rje\u0161enja brzo i fleksibilno, kao \u0161to to znaju glavni ljudi u GEALAN-u: <em>\u201eVe\u0107 smo u kolovozu donijeli odluku da \u0107emo na\u0161 poznati Internacionalni forum budu\u0107nosti po prvi put prezentirati u digitalnom obliku.\u201c<\/em><\/strong><em> <\/em> To zna\u010di da samostalno postavljamo vlastitu platformu za digitalnu prezentaciju, raspravu i umre\u017eivanje. <em>\u201ePripreme za na\u0161 poznati doga\u0111aj u novom formatu u punom su jeku.\u201c<\/em> Pokretanje nove web stranice u rujnu tako\u0111er je bila prekretnica na putu u budu\u0107nost: <em>\u201eTo \u0107e biti osnova za na\u0161u digitalnu komunikaciju koju \u0107emo oja\u010dati 2021. godine\u201c,<\/em> ka\u017ee Ivica Maurovi\u0107: <em>\u201ena\u0161a GEALAN ACADEMY u me\u0111uvremenu je tako\u0111er postala digitalna. Kolege su ve\u0107 organizirale brojne te\u010dajeve za na\u0161e kupce, arhitekte i druge partnere industrije. To pokazuje da stvari uvijek idu dalje, da uvijek mo\u017eete i morate prona\u0107i nove na\u010dine \u2013 mi smo sretni \u0161to vodimo taj put.\u201c<\/em><\/p>\n\n\n\n<p>Detaljni intervju s predsjednikom uprave GEALAN, Ivica Maurovi\u0107, mo\u017eete pro\u010ditati ovdje: <a href=\"https:\/\/www.glaswelt.de\/fenster\/gealan-deswegen-entwickeln-wir-uns-sogar-besser-als-erwartet\" target=\"_blank\" rel=\"noreferrer noopener\">https:\/\/www.glaswelt.de\/fenster\/gealan-deswegen-entwickeln-wir-uns-sogar-besser-als-erwartet<\/a><\/p>\n\n\n\n<figure class=\"wp-block-image is-resized\"><img decoding=\"async\" src=\"https:\/\/www.prozorivrata.com\/hr\/wp-content\/uploads\/sites\/4\/2020\/05\/GEALAN-logo-new.png\" alt=\"GEALAN logo\" class=\"wp-image-1694\" width=\"250\" height=\"81\" srcset=\"https:\/\/www.prozorivrata.com\/hr\/wp-content\/uploads\/sites\/4\/2020\/05\/GEALAN-logo-new.png 500w, https:\/\/www.prozorivrata.com\/hr\/wp-content\/uploads\/sites\/4\/2020\/05\/GEALAN-logo-new-300x97.png 300w\" sizes=\"(max-width: 250px) 100vw, 250px\" \/><\/figure>\n\n\n\n<p class=\"has-text-align-left\"><strong>GEALAN d.o.o. \u2013 predstavni\u0161tvo za Hrvatsku<\/strong><br>Omladinska 11, \u017derjavinec 10360 Sesvete, Hrvatska<br>T: +385 1 2040 670<br>F: +385 1 2040 679<br>E.&nbsp;<a href=\"mailto:info@gealan.hr\" target=\"_blank\" rel=\"noreferrer noopener\">info@gealan.hr<\/a><br>W.&nbsp;<a href=\"http:\/\/www.gealan.hr\/\" target=\"_blank\" rel=\"noreferrer noopener\">www.gealan.hr<\/a><\/p>\n","protected":false},"excerpt":{"rendered":"<p>GEALAN je do sada poprili\u010dno stabilno pro\u0161ao turbulentnu 2020. godinu. S jedne strane, zahvaljuju\u0107i stabilnim tr\u017ei\u0161tima u Njema\u010dkoj i Nizozemskoj, s druge strane, zahvaljuju\u0107i pouzdanim zaposlenicima te fleksibilnim i inovativnim rje\u0161enjima. S ciljem razvoj daljnjih inovacija i u\u010dinkovitih rje\u0161enja, predsjednik uprave GEALAN Fenster-Systeme GmbH, Ivica Maurovi\u0107 optimisti\u010dno gleda na nadolaze\u0107u godinu. \u201ePrije korone sve nam [&hellip;]<\/p>\n","protected":false},"author":3,"featured_media":2508,"comment_status":"open","ping_status":"closed","sticky":false,"template":"","format":"standard","meta":{"_FSMCFIC_featured_image_caption":"","_FSMCFIC_featured_image_nocaption":"","_FSMCFIC_featured_image_hide":"","footnotes":""},"categories":[47],"tags":[],"class_list":["post-2507","post","type-post","status-publish","format-standard","has-post-thumbnail","hentry","category-novosti"],"_links":{"self":[{"href":"https:\/\/www.prozorivrata.com\/hr\/wp-json\/wp\/v2\/posts\/2507","targetHints":{"allow":["GET"]}}],"collection":[{"href":"https:\/\/www.prozorivrata.com\/hr\/wp-json\/wp\/v2\/posts"}],"about":[{"href":"https:\/\/www.prozorivrata.com\/hr\/wp-json\/wp\/v2\/types\/post"}],"author":[{"embeddable":true,"href":"https:\/\/www.prozorivrata.com\/hr\/wp-json\/wp\/v2\/users\/3"}],"replies":[{"embeddable":true,"href":"https:\/\/www.prozorivrata.com\/hr\/wp-json\/wp\/v2\/comments?post=2507"}],"version-history":[{"count":2,"href":"https:\/\/www.prozorivrata.com\/hr\/wp-json\/wp\/v2\/posts\/2507\/revisions"}],"predecessor-version":[{"id":2510,"href":"https:\/\/www.prozorivrata.com\/hr\/wp-json\/wp\/v2\/posts\/2507\/revisions\/2510"}],"wp:featuredmedia":[{"embeddable":true,"href":"https:\/\/www.prozorivrata.com\/hr\/wp-json\/wp\/v2\/media\/2508"}],"wp:attachment":[{"href":"https:\/\/www.prozorivrata.com\/hr\/wp-json\/wp\/v2\/media?parent=2507"}],"wp:term":[{"taxonomy":"category","embeddable":true,"href":"https:\/\/www.prozorivrata.com\/hr\/wp-json\/wp\/v2\/categories?post=2507"},{"taxonomy":"post_tag","embeddable":true,"href":"https:\/\/www.prozorivrata.com\/hr\/wp-json\/wp\/v2\/tags?post=2507"}],"curies":[{"name":"wp","href":"https:\/\/api.w.org\/{rel}","templated":true}]}}