{"id":2472,"date":"2020-11-03T07:42:25","date_gmt":"2020-11-03T07:42:25","guid":{"rendered":"https:\/\/www.prozorivrata.com\/hr\/?p=2472"},"modified":"2021-08-26T06:34:57","modified_gmt":"2021-08-26T06:34:57","slug":"13-dani-pasivne-kuce-u-hrvatskoj","status":"publish","type":"post","link":"https:\/\/www.prozorivrata.com\/hr\/13-dani-pasivne-kuce-u-hrvatskoj\/","title":{"rendered":"13. Dani pasivne ku\u0107e u Hrvatskoj"},"content":{"rendered":"\n<p>U trinaestogodi\u0161njem kontinuitetu, na trodnevnoj me\u0111unarodnoj manifestaciji Dani pasivne ku\u0107e u Hrvatskoj u organizaciji Arhitektonskog fakulteta Sveu\u010dili\u0161ta u  Zagrebu &#8211; Konzorcija pasivna ku\u0107a Hrvatska (KPKHR) i suorganizatora, stru\u010dnjaci, znanstvenici, predstavnici ministarstava, obrazovnih institucija, udruga, inovatori, proizvo\u0111a\u010di, zastupnici tvrtki i drugi, posebno \u0107e govoriti i o obnovi zgrada nakon potresa u Zagrebu koja mo\u017ee i treba biti energetski visoko u\u010dinkovita, dubinska, cjelovita i integralna.<\/p>\n\n\n\n<p>O energetskoj obnovi do standarda pasivne kude (A+ energetski razred), unatrag desetak godina se kontinuirano govori i u okviru programa Energetskog tjedna u organizaciji Grada Zagreba uz suorganizaciju Arhitektonskog fakulteta i KPKHR. Takvom se obnovom posti\u017eu i deseterostruke u\u0161tede energije \u2013 \u201efaktor 10\u201c, a ujedno se ostvaruje toplinska, vizualna, akusti\u010dna ugodnost i posti\u017ee visoka razina odr\u017eivosti, pristupa\u010dnosti i sigurnosti. Pasivna ku\u0107a je nakon trideset godina iskustva u razli\u010ditim klimatskim regijama i dr\u017eavama razli\u010ditog standarda, provjereni koncept i materijalizacija najbolje prakse, koji je zbog sve vede i rasprostranjenije priu\u0161tivosti te potvrde o\u010dekivanih rezultata, zasigurno globalno vodedi model koji pouzdano i najbr\u017ee osigurava predvi\u0111ene scenarije i Ciljeve odr\u017eivog razvoja UN do 2030., kao i Zeleni plan EU do 2050. s pogledom na 2070., zbog nu\u017enosti hitne dekarbonizacije, energetske tranzicije s obnovljivim izvorima energije i prilagodbe klimatskim promjenama. Uz predavanja i radionice, tradicionalno se organiziraju izlo\u017ebe proizvoda i projekata, promocije i stru\u010dni obilasci. <\/p>\n\n\n\n<figure class=\"wp-block-image size-large\"><img decoding=\"async\" width=\"724\" height=\"1024\" src=\"https:\/\/www.prozorivrata.com\/hr\/wp-content\/uploads\/sites\/4\/2020\/11\/13-dani-pasivne-kuce-hrvatska-724x1024.jpg\" alt=\"13. Dani pasivne ku\u0107e u Hrvatskoj\" class=\"wp-image-2475\" srcset=\"https:\/\/www.prozorivrata.com\/hr\/wp-content\/uploads\/sites\/4\/2020\/11\/13-dani-pasivne-kuce-hrvatska-724x1024.jpg 724w, https:\/\/www.prozorivrata.com\/hr\/wp-content\/uploads\/sites\/4\/2020\/11\/13-dani-pasivne-kuce-hrvatska-212x300.jpg 212w, https:\/\/www.prozorivrata.com\/hr\/wp-content\/uploads\/sites\/4\/2020\/11\/13-dani-pasivne-kuce-hrvatska-768x1087.jpg 768w, https:\/\/www.prozorivrata.com\/hr\/wp-content\/uploads\/sites\/4\/2020\/11\/13-dani-pasivne-kuce-hrvatska-750x1061.jpg 750w, https:\/\/www.prozorivrata.com\/hr\/wp-content\/uploads\/sites\/4\/2020\/11\/13-dani-pasivne-kuce-hrvatska.jpg 850w\" sizes=\"(max-width: 724px) 100vw, 724px\" \/><figcaption>13. Dani pasivne ku\u0107e u Hrvatskoj<\/figcaption><\/figure>\n\n\n\n<p>O\u010dekujemo vas na blizinu, mo\u017eda samo na daljinu, a eventualno i u kombinaciji.<\/p>\n\n\n\n<p>Za Organizacijski odbor:<br>Red.prof.art. Ljubomir Mi\u0161\u010devid, dipl.ing.arh.<br>Voditelj KPKHR<br><a href=\"http:\/\/www.kpk.hr\/\" target=\"_blank\" rel=\"noopener\">www.kpk.hr<\/a> <a href=\"mailto:info@kpk.hr\" target=\"_blank\" rel=\"noopener\">info@kpk.hr<\/a> <a href=\"mailto:miscevic@arhitekt.hr\" target=\"_blank\" rel=\"noopener\">miscevic@arhitekt.hr<\/a><\/p>\n","protected":false},"excerpt":{"rendered":"<p>U trinaestogodi\u0161njem kontinuitetu, na trodnevnoj me\u0111unarodnoj manifestaciji Dani pasivne ku\u0107e u Hrvatskoj u organizaciji Arhitektonskog fakulteta Sveu\u010dili\u0161ta u Zagrebu &#8211; Konzorcija pasivna ku\u0107a Hrvatska (KPKHR) i suorganizatora, stru\u010dnjaci, znanstvenici, predstavnici ministarstava, obrazovnih institucija, udruga, inovatori, proizvo\u0111a\u010di, zastupnici tvrtki i drugi, posebno \u0107e govoriti i o obnovi zgrada nakon potresa u Zagrebu koja mo\u017ee i treba [&hellip;]<\/p>\n","protected":false},"author":97,"featured_media":2473,"comment_status":"open","ping_status":"closed","sticky":false,"template":"","format":"standard","meta":{"_FSMCFIC_featured_image_caption":"","_FSMCFIC_featured_image_nocaption":"","_FSMCFIC_featured_image_hide":"","footnotes":""},"categories":[47],"tags":[246,240,245,242],"class_list":["post-2472","post","type-post","status-publish","format-standard","has-post-thumbnail","hentry","category-novosti","tag-dani-pasivne-kuce","tag-edukacija","tag-konzorcij-pasivna-kuca-hrvatska","tag-ljubomir-miscevic"],"_links":{"self":[{"href":"https:\/\/www.prozorivrata.com\/hr\/wp-json\/wp\/v2\/posts\/2472","targetHints":{"allow":["GET"]}}],"collection":[{"href":"https:\/\/www.prozorivrata.com\/hr\/wp-json\/wp\/v2\/posts"}],"about":[{"href":"https:\/\/www.prozorivrata.com\/hr\/wp-json\/wp\/v2\/types\/post"}],"author":[{"embeddable":true,"href":"https:\/\/www.prozorivrata.com\/hr\/wp-json\/wp\/v2\/users\/97"}],"replies":[{"embeddable":true,"href":"https:\/\/www.prozorivrata.com\/hr\/wp-json\/wp\/v2\/comments?post=2472"}],"version-history":[{"count":3,"href":"https:\/\/www.prozorivrata.com\/hr\/wp-json\/wp\/v2\/posts\/2472\/revisions"}],"predecessor-version":[{"id":3582,"href":"https:\/\/www.prozorivrata.com\/hr\/wp-json\/wp\/v2\/posts\/2472\/revisions\/3582"}],"wp:featuredmedia":[{"embeddable":true,"href":"https:\/\/www.prozorivrata.com\/hr\/wp-json\/wp\/v2\/media\/2473"}],"wp:attachment":[{"href":"https:\/\/www.prozorivrata.com\/hr\/wp-json\/wp\/v2\/media?parent=2472"}],"wp:term":[{"taxonomy":"category","embeddable":true,"href":"https:\/\/www.prozorivrata.com\/hr\/wp-json\/wp\/v2\/categories?post=2472"},{"taxonomy":"post_tag","embeddable":true,"href":"https:\/\/www.prozorivrata.com\/hr\/wp-json\/wp\/v2\/tags?post=2472"}],"curies":[{"name":"wp","href":"https:\/\/api.w.org\/{rel}","templated":true}]}}