{"id":1912,"date":"2020-07-13T06:44:55","date_gmt":"2020-07-13T06:44:55","guid":{"rendered":"https:\/\/www.prozorivrata.com\/hr\/?p=1912"},"modified":"2020-07-13T06:45:40","modified_gmt":"2020-07-13T06:45:40","slug":"energetski-ucinkovito-staklo","status":"publish","type":"post","link":"https:\/\/www.prozorivrata.com\/hr\/energetski-ucinkovito-staklo\/","title":{"rendered":"Energetski u\u010dinkovito staklo"},"content":{"rendered":"<p>Osim prozorskih okvira, na\u010din ostakljenja je izuzetno va\u017ean za energetsku u\u010dinkovitost prozora i vrata. U ovoj ulozi nalazi se staklo, kao naj\u010de\u0161\u0107e, ali i plastika, pri \u010demu oba materijala mogu biti prozirna, obojena, presvu\u010dena folijom ili premazom, laminirana, reljefna ili tamna.<\/p>\n<p>Ostakljena jedinica mo\u017ee imati jedno ili vi\u0161e stakala, pri \u010demu se koeficijent prolaznosti topline smanjuje ugradnjom dvoslojnog ili troslojnog stakla.<strong> Kombinacije stakla sastavljene od nekoliko stakala s me\u0111uprostorom ispunjenim zrakom ili plinom koji djeluje kao toplinski izolator, nazivaju se IZO stakla.<\/strong> Njihovi me\u0111uprostori uokvireni su distancerom, ispunjenim apsorberom vlage, tj. molekularom.<\/p>\n<figure id=\"attachment_1376\" aria-describedby=\"caption-attachment-1376\" style=\"width: 1200px\" class=\"wp-caption aligncenter\"><a href=\"https:\/\/www.prozorivrata.com\/hr\/wp-content\/uploads\/sites\/4\/2020\/05\/ALUMIL-supreme-S650-PHOSAI.jpg\"><img decoding=\"async\" class=\"size-full wp-image-1376\" src=\"https:\/\/www.prozorivrata.com\/hr\/wp-content\/uploads\/sites\/4\/2020\/05\/ALUMIL-supreme-S650-PHOSAI.jpg\" alt=\"ALUMIL supreme S650 PHOS - aluminijska stolarija\" width=\"1200\" height=\"800\" srcset=\"https:\/\/www.prozorivrata.com\/hr\/wp-content\/uploads\/sites\/4\/2020\/05\/ALUMIL-supreme-S650-PHOSAI.jpg 1200w, https:\/\/www.prozorivrata.com\/hr\/wp-content\/uploads\/sites\/4\/2020\/05\/ALUMIL-supreme-S650-PHOSAI-300x200.jpg 300w, https:\/\/www.prozorivrata.com\/hr\/wp-content\/uploads\/sites\/4\/2020\/05\/ALUMIL-supreme-S650-PHOSAI-1024x683.jpg 1024w, https:\/\/www.prozorivrata.com\/hr\/wp-content\/uploads\/sites\/4\/2020\/05\/ALUMIL-supreme-S650-PHOSAI-768x512.jpg 768w, https:\/\/www.prozorivrata.com\/hr\/wp-content\/uploads\/sites\/4\/2020\/05\/ALUMIL-supreme-S650-PHOSAI-750x500.jpg 750w, https:\/\/www.prozorivrata.com\/hr\/wp-content\/uploads\/sites\/4\/2020\/05\/ALUMIL-supreme-S650-PHOSAI-1140x760.jpg 1140w\" sizes=\"(max-width: 1200px) 100vw, 1200px\" \/><\/a><figcaption id=\"caption-attachment-1376\" class=\"wp-caption-text\">foto: ALUMIL supreme S650 PHOS &#8211; aluminijska stolarija<\/figcaption><\/figure>\n<p>Preporuka je da me\u0111uprostor stakla bude minimalne \u0161irine 12 mm jer upravo i \u0161irina me\u0111uprostora, kao i njihov broj, utje\u010du na koeficijent toplinske prohodnosti. Na toplinsku izolaciju utje\u010de i vrsta plina kojim se ispunjava me\u0111uprostor stakla, a to su naj\u010de\u0161\u0107e argon, ksenon ili kripton koji djeluju kao toplinski izolator.<\/p>\n<h4>Za izradu IZO stakla mogu se koristiti:<\/h4>\n<ul>\n<li>float staklo \u2013 ravno prozirno staklo,<\/li>\n<li>laminirano staklo \u2013 sastavljeno od vi\u0161e float stakla zaljepljena folijom,<\/li>\n<li>kaljeno staklo \u2013 float staklo termi\u010dki obra\u0111eno radi pobolj\u0161anja mehani\u010dkih svojstava,<\/li>\n<li>ornament staklo \u2013 staklo ukra\u0161eno razli\u010ditim uzorcima ili<\/li>\n<li>reflektiraju\u0107e staklo &#8211; staklo premazano metalnim filmom koji dio svjetlosti reflektira, a dio apsorbira.<\/li>\n<\/ul>\n<figure id=\"attachment_1942\" aria-describedby=\"caption-attachment-1942\" style=\"width: 1200px\" class=\"wp-caption aligncenter\"><a href=\"https:\/\/www.prozorivrata.com\/hr\/wp-content\/uploads\/sites\/4\/2020\/07\/Proizvodnja-stakla.jpg\"><img decoding=\"async\" class=\"size-full wp-image-1942\" src=\"https:\/\/www.prozorivrata.com\/hr\/wp-content\/uploads\/sites\/4\/2020\/07\/Proizvodnja-stakla.jpg\" alt=\"Proizvodnja stakla\" width=\"1200\" height=\"800\" srcset=\"https:\/\/www.prozorivrata.com\/hr\/wp-content\/uploads\/sites\/4\/2020\/07\/Proizvodnja-stakla.jpg 1200w, https:\/\/www.prozorivrata.com\/hr\/wp-content\/uploads\/sites\/4\/2020\/07\/Proizvodnja-stakla-300x200.jpg 300w, https:\/\/www.prozorivrata.com\/hr\/wp-content\/uploads\/sites\/4\/2020\/07\/Proizvodnja-stakla-1024x683.jpg 1024w, https:\/\/www.prozorivrata.com\/hr\/wp-content\/uploads\/sites\/4\/2020\/07\/Proizvodnja-stakla-768x512.jpg 768w, https:\/\/www.prozorivrata.com\/hr\/wp-content\/uploads\/sites\/4\/2020\/07\/Proizvodnja-stakla-750x500.jpg 750w, https:\/\/www.prozorivrata.com\/hr\/wp-content\/uploads\/sites\/4\/2020\/07\/Proizvodnja-stakla-1140x760.jpg 1140w\" sizes=\"(max-width: 1200px) 100vw, 1200px\" \/><\/a><figcaption id=\"caption-attachment-1942\" class=\"wp-caption-text\">Proizvodnja stakla<\/figcaption><\/figure>\n<p><strong>Druga vrsta posebno energetski u\u010dinkovitog stakla je niskoemisijsko staklo (Low-E), odnosno staklo s premazima na bazi vanidijevog-oksida koji se u obliku tankog filma nalazi na unutarnjoj strani unutarnjeg stakla.<\/strong><\/p>\n<p>Taj film propu\u0161ta kratkovalno zra\u010denje, odnosno vidljivi dio spektra, dok se dugovalno (IC zra\u010denje) reflektira i spre\u010dava gubitak topline reflektiraju\u0107i ga natrag u prostor. Ova kombinacija stakla je u odnosu na IZO staklo skuplja oko 20%, ali su i gubici topline kod niskoemisijskog stakla za oko 50% manji.<\/p>\n<figure id=\"attachment_1941\" aria-describedby=\"caption-attachment-1941\" style=\"width: 1200px\" class=\"wp-caption aligncenter\"><a href=\"https:\/\/www.prozorivrata.com\/hr\/wp-content\/uploads\/sites\/4\/2020\/07\/Termoizolaciono-staklo.jpg\"><img decoding=\"async\" class=\"size-full wp-image-1941\" src=\"https:\/\/www.prozorivrata.com\/hr\/wp-content\/uploads\/sites\/4\/2020\/07\/Termoizolaciono-staklo.jpg\" alt=\"Termoizolaciono staklo\" width=\"1200\" height=\"800\" srcset=\"https:\/\/www.prozorivrata.com\/hr\/wp-content\/uploads\/sites\/4\/2020\/07\/Termoizolaciono-staklo.jpg 1200w, https:\/\/www.prozorivrata.com\/hr\/wp-content\/uploads\/sites\/4\/2020\/07\/Termoizolaciono-staklo-300x200.jpg 300w, https:\/\/www.prozorivrata.com\/hr\/wp-content\/uploads\/sites\/4\/2020\/07\/Termoizolaciono-staklo-1024x683.jpg 1024w, https:\/\/www.prozorivrata.com\/hr\/wp-content\/uploads\/sites\/4\/2020\/07\/Termoizolaciono-staklo-768x512.jpg 768w, https:\/\/www.prozorivrata.com\/hr\/wp-content\/uploads\/sites\/4\/2020\/07\/Termoizolaciono-staklo-750x500.jpg 750w, https:\/\/www.prozorivrata.com\/hr\/wp-content\/uploads\/sites\/4\/2020\/07\/Termoizolaciono-staklo-1140x760.jpg 1140w\" sizes=\"(max-width: 1200px) 100vw, 1200px\" \/><\/a><figcaption id=\"caption-attachment-1941\" class=\"wp-caption-text\">Termoizolaciono staklo<\/figcaption><\/figure>\n<h2>Staklo i kao dio modernih fasada<\/h2>\n<p>Energetska u\u010dinkovitost je nezaobilazna pri projektiranju komercijalnih objekata, budu\u0107i da imaju veliku povr\u0161inu i tro\u0161e mnogo vi\u0161e energije. Stoga se suvremeni projektanti suo\u010davaju s mnogo izazova, zahtjeva i zadataka, jer osim \u0161to gra\u0111evinu treba uklopiti u eksterijer, osigurati dovoljno svjetlosti u unutra\u0161njosti poslovnog prostora, cjelokupno zdanje treba biti i energetski u\u010dinkovito. <strong>Kako su brojne studije pokazale da je produktivnost zaposlenika ve\u0107a u ugodnijem okru\u017eenju, poslovne zgrade su sve \u010de\u0161\u0107e gotovo u cijelosti izgra\u0111ene od stakla.<\/strong><\/p>\n<p>Staklene fasade postale su imperativ moderne gradnje, a prozorske jedinice su integrirane u zidove i \u010desto neprepoznatljive. Ove zgrade izgledaju impresivno i daju posebnu specifi\u010dnost, poslovnost i ljepotu poslovnim objektima.<\/p>\n<figure id=\"attachment_1943\" aria-describedby=\"caption-attachment-1943\" style=\"width: 1200px\" class=\"wp-caption aligncenter\"><a href=\"https:\/\/www.prozorivrata.com\/hr\/wp-content\/uploads\/sites\/4\/2020\/07\/PRESS-GLASS_projekat_ICE_KRAKOW_poljskaa.jpg\"><img decoding=\"async\" class=\"size-full wp-image-1943\" src=\"https:\/\/www.prozorivrata.com\/hr\/wp-content\/uploads\/sites\/4\/2020\/07\/PRESS-GLASS_projekat_ICE_KRAKOW_poljskaa.jpg\" alt=\"PRESS GLASS \u2013 ICE krakov, Poljska\" width=\"1200\" height=\"800\" srcset=\"https:\/\/www.prozorivrata.com\/hr\/wp-content\/uploads\/sites\/4\/2020\/07\/PRESS-GLASS_projekat_ICE_KRAKOW_poljskaa.jpg 1200w, https:\/\/www.prozorivrata.com\/hr\/wp-content\/uploads\/sites\/4\/2020\/07\/PRESS-GLASS_projekat_ICE_KRAKOW_poljskaa-300x200.jpg 300w, https:\/\/www.prozorivrata.com\/hr\/wp-content\/uploads\/sites\/4\/2020\/07\/PRESS-GLASS_projekat_ICE_KRAKOW_poljskaa-1024x683.jpg 1024w, https:\/\/www.prozorivrata.com\/hr\/wp-content\/uploads\/sites\/4\/2020\/07\/PRESS-GLASS_projekat_ICE_KRAKOW_poljskaa-768x512.jpg 768w, https:\/\/www.prozorivrata.com\/hr\/wp-content\/uploads\/sites\/4\/2020\/07\/PRESS-GLASS_projekat_ICE_KRAKOW_poljskaa-750x500.jpg 750w, https:\/\/www.prozorivrata.com\/hr\/wp-content\/uploads\/sites\/4\/2020\/07\/PRESS-GLASS_projekat_ICE_KRAKOW_poljskaa-1140x760.jpg 1140w\" sizes=\"(max-width: 1200px) 100vw, 1200px\" \/><\/a><figcaption id=\"caption-attachment-1943\" class=\"wp-caption-text\">PRESS GLASS \u2013 ICE krakov, Poljska<\/figcaption><\/figure>\n<p><strong>Me\u0111utim, ovakav tip fasada zna\u010di i velike tro\u0161kove jer staklo samo po sebi nema dobra termoizolacijska svojstva.<\/strong> Od po\u010detka niti tehnologija proizvodnje kao niti tehnike ugradnje nisu pridonijele energetskoj u\u010dinkovitosti, te je dolazilo do zna\u010dajnih kako ekonomskih, tako i ekolo\u0161kih gubitaka. Me\u0111utim, posljednjih godina, dolazi do revolucije u ovom podru\u010dju, a rezultat je, izme\u0111u ostalog, i upotreba energetski u\u010dinkovitog stakla \u2013 IZO ili niskoemisijskog.<\/p>\n<p>Dakle, upotreba termoizolacijskog stakla u konstrukciji fasade omogu\u0107ava projektira- nje objekta visoke estetske kvalitete i velike energetske u\u010dinkovitosti.<\/p>\n","protected":false},"excerpt":{"rendered":"<p>Osim prozorskih okvira, na\u010din ostakljenja je izuzetno va\u017ean za energetsku u\u010dinkovitost prozora i vrata. U ovoj ulozi nalazi se staklo, kao naj\u010de\u0161\u0107e, ali i plastika, pri \u010demu oba materijala mogu biti prozirna, obojena, presvu\u010dena folijom ili premazom, laminirana, reljefna ili tamna. Ostakljena jedinica mo\u017ee imati jedno ili vi\u0161e stakala, pri \u010demu se koeficijent prolaznosti topline [&hellip;]<\/p>\n","protected":false},"author":3,"featured_media":758,"comment_status":"open","ping_status":"closed","sticky":false,"template":"","format":"standard","meta":{"_FSMCFIC_featured_image_caption":"","_FSMCFIC_featured_image_nocaption":"","_FSMCFIC_featured_image_hide":"","footnotes":""},"categories":[7,22],"tags":[],"class_list":["post-1912","post","type-post","status-publish","format-standard","has-post-thumbnail","hentry","category-fasade","category-staklo"],"_links":{"self":[{"href":"https:\/\/www.prozorivrata.com\/hr\/wp-json\/wp\/v2\/posts\/1912","targetHints":{"allow":["GET"]}}],"collection":[{"href":"https:\/\/www.prozorivrata.com\/hr\/wp-json\/wp\/v2\/posts"}],"about":[{"href":"https:\/\/www.prozorivrata.com\/hr\/wp-json\/wp\/v2\/types\/post"}],"author":[{"embeddable":true,"href":"https:\/\/www.prozorivrata.com\/hr\/wp-json\/wp\/v2\/users\/3"}],"replies":[{"embeddable":true,"href":"https:\/\/www.prozorivrata.com\/hr\/wp-json\/wp\/v2\/comments?post=1912"}],"version-history":[{"count":3,"href":"https:\/\/www.prozorivrata.com\/hr\/wp-json\/wp\/v2\/posts\/1912\/revisions"}],"predecessor-version":[{"id":1946,"href":"https:\/\/www.prozorivrata.com\/hr\/wp-json\/wp\/v2\/posts\/1912\/revisions\/1946"}],"wp:featuredmedia":[{"embeddable":true,"href":"https:\/\/www.prozorivrata.com\/hr\/wp-json\/wp\/v2\/media\/758"}],"wp:attachment":[{"href":"https:\/\/www.prozorivrata.com\/hr\/wp-json\/wp\/v2\/media?parent=1912"}],"wp:term":[{"taxonomy":"category","embeddable":true,"href":"https:\/\/www.prozorivrata.com\/hr\/wp-json\/wp\/v2\/categories?post=1912"},{"taxonomy":"post_tag","embeddable":true,"href":"https:\/\/www.prozorivrata.com\/hr\/wp-json\/wp\/v2\/tags?post=1912"}],"curies":[{"name":"wp","href":"https:\/\/api.w.org\/{rel}","templated":true}]}}