{"id":1823,"date":"2020-06-24T13:18:23","date_gmt":"2020-06-24T13:18:23","guid":{"rendered":"https:\/\/www.prozorivrata.com\/hr\/?p=1823"},"modified":"2020-06-23T13:26:33","modified_gmt":"2020-06-23T13:26:33","slug":"17-po-redu-drvno-tehnoloska-konferencija-u-opatiji","status":"publish","type":"post","link":"https:\/\/www.prozorivrata.com\/hr\/17-po-redu-drvno-tehnoloska-konferencija-u-opatiji\/","title":{"rendered":"17. po redu Drvno-tehnolo\u0161ka konferencija u Opatiji"},"content":{"rendered":"<p><strong>Hrvatski drvni klaster nastavlja tradiciju okupljanja sektora<\/strong>, stoga se odr\u017eavanje sredi\u0161njeg sektorskog skupa\u00a0<strong>17. Drvno-tehnolo\u0161ke konferencije<\/strong>\u00a0odvija u okru\u017eenju najve\u0107e krize koja je pogodila globalno gospodarstvo. Uz smirivanje epidemije korona virusa, Drvno-tehnolo\u0161ka konferencija \u0107e i ove godine okupiti brojne stru\u010dnjake iz na \u0161umi baziranog sektora Hrvatske, ali i regije koji su proteklih dva mjeseca komunicirali putem web platformi i online sastanaka.<\/p>\n<p>Konfrencija se odr\u017eava\u00a0<strong>29. i 30. lipnja u Opatiji<\/strong>\u00a0(Hotel 4 Opatijska Cvijeta\/hotel Royal), biti \u0107e dvodnevna kao i prethodnih godina. O\u010dekuje se prisustvo brojnih sektorskih stru\u010dnjaka koji \u0107e raspravljat o aktualnim temama i tr\u017ei\u0161nim izazovima.\u00a0<strong>Konferencija je prilika za me\u0111usektorsku komunikaciju<\/strong>, \u00a0ali i za predstavljanje svojih poduze\u0107a, projekakta i proizvoda doma\u0107im i inozemnim subjektima.<\/p>\n<div class=\"jeg_video_container jeg_video_content\"><iframe title=\"Najava \/ 16. Drvno-tehnolo\u0161ka konferencija - Opatija (3.-4.6.2019.)\" width=\"500\" height=\"281\" src=\"https:\/\/www.youtube.com\/embed\/g82Lic0iEp0?feature=oembed\" frameborder=\"0\" allow=\"accelerometer; autoplay; clipboard-write; encrypted-media; gyroscope; picture-in-picture; web-share\" referrerpolicy=\"strict-origin-when-cross-origin\" allowfullscreen><\/iframe><\/div>\n<p><strong>Omogu\u0107ene su povla\u0161tene cijene hotela za sudionike konferencije<\/strong>, a osim sni\u017eenih cijena za no\u0107enja u nedjelju i ponedjeljak, u hotelu 4 Opatijska cvijeta ili hotelu Royal sudionici konferencije mogu odsjesti i u petak te u subotu po 30% ni\u017eim cijenama.<\/p>\n<p><strong>Organizatori pozivaju sve zainteresirane<\/strong>, kao i sudionike prethodnih izdanja iz zemlji i inozemstva da se pridru\u017ee ovom sredi\u0161njem sektorskom skupu koji \u0107e dati odgovore na mnogobrojna otvorena pitanja u sferi izvoza, trendova na prekomorskim tr\u017ei\u0161tima,funkcioniranja transporta, financiranja likvidnosti te rje\u0161avanja kadrovskih i sirovinskih izazova u okru\u017eenju krize.<\/p>\n<figure id=\"attachment_1825\" aria-describedby=\"caption-attachment-1825\" style=\"width: 850px\" class=\"wp-caption aligncenter\"><a href=\"https:\/\/www.prozorivrata.com\/hr\/wp-content\/uploads\/sites\/4\/2020\/06\/drvno-tehnolo\u0161ka-konferencija.jpg\"><img decoding=\"async\" width=\"850\" height=\"1511\" class=\"size-full wp-image-1825\" src=\"https:\/\/www.prozorivrata.com\/hr\/wp-content\/uploads\/sites\/4\/2020\/06\/drvno-tehnolo\u0161ka-konferencija.jpg\" alt=\"Drvno-tehnolo\u0161ka konferencija u Opatiji\" srcset=\"https:\/\/www.prozorivrata.com\/hr\/wp-content\/uploads\/sites\/4\/2020\/06\/drvno-tehnolo\u0161ka-konferencija.jpg 850w, https:\/\/www.prozorivrata.com\/hr\/wp-content\/uploads\/sites\/4\/2020\/06\/drvno-tehnolo\u0161ka-konferencija-169x300.jpg 169w, https:\/\/www.prozorivrata.com\/hr\/wp-content\/uploads\/sites\/4\/2020\/06\/drvno-tehnolo\u0161ka-konferencija-576x1024.jpg 576w, https:\/\/www.prozorivrata.com\/hr\/wp-content\/uploads\/sites\/4\/2020\/06\/drvno-tehnolo\u0161ka-konferencija-768x1365.jpg 768w, https:\/\/www.prozorivrata.com\/hr\/wp-content\/uploads\/sites\/4\/2020\/06\/drvno-tehnolo\u0161ka-konferencija-750x1333.jpg 750w\" sizes=\"(max-width: 850px) 100vw, 850px\" \/><\/a><figcaption id=\"caption-attachment-1825\" class=\"wp-caption-text\">Drvno-tehnolo\u0161ka konferencija u Opatiji<\/figcaption><\/figure>\n<p><strong>PRIJAVITE SE<\/strong><\/p>\n<p>Nadamo se da \u0107ete Vi i Va\u0161i kolege prona\u0107i interesa za aktivnim sudjelovanjem u radu konferencije, stoga nas za sve pojedinosti i prijedloge slobodno kontaktirajte na:\u00a0<a href=\"mailto:info@drvniklaster.hr\">info@drvniklaster.hr<\/a>\u00a0ili na +385 1 6329 111.<\/p>\n<p><strong>PREUZMITE LETAK-PRIJAVNICU:\u00a0<a href=\"http:\/\/www.drvna-konferencija.hr\/wp-content\/uploads\/2020\/05\/DTK2020-A4-prijavnica-2.pdf\" target=\"_blank\" rel=\"noopener\"><img decoding=\"async\" class=\"wp-image-1623\" src=\"http:\/\/www.drvna-konferencija.hr\/wp-content\/uploads\/2020\/05\/DTK2020-A4-prijavnica-1.pdf\" alt=\"\"><img decoding=\"async\" class=\"wp-image-1624\" src=\"http:\/\/www.drvna-konferencija.hr\/wp-content\/uploads\/2020\/05\/DTK2020-A4-prijavnica-2.pdf\" alt=\"\">OVDJE<\/a><\/strong><\/p>\n","protected":false},"excerpt":{"rendered":"<p>Hrvatski drvni klaster nastavlja tradiciju okupljanja sektora, stoga se odr\u017eavanje sredi\u0161njeg sektorskog skupa\u00a017. Drvno-tehnolo\u0161ke konferencije\u00a0odvija u okru\u017eenju najve\u0107e krize koja je pogodila globalno gospodarstvo. Uz smirivanje epidemije korona virusa, Drvno-tehnolo\u0161ka konferencija \u0107e i ove godine okupiti brojne stru\u010dnjake iz na \u0161umi baziranog sektora Hrvatske, ali i regije koji su proteklih dva mjeseca komunicirali putem web [&hellip;]<\/p>\n","protected":false},"author":97,"featured_media":1826,"comment_status":"open","ping_status":"closed","sticky":false,"template":"","format":"standard","meta":{"_FSMCFIC_featured_image_caption":"","_FSMCFIC_featured_image_nocaption":"","_FSMCFIC_featured_image_hide":"","footnotes":""},"categories":[47],"tags":[],"class_list":["post-1823","post","type-post","status-publish","format-standard","has-post-thumbnail","hentry","category-novosti"],"_links":{"self":[{"href":"https:\/\/www.prozorivrata.com\/hr\/wp-json\/wp\/v2\/posts\/1823","targetHints":{"allow":["GET"]}}],"collection":[{"href":"https:\/\/www.prozorivrata.com\/hr\/wp-json\/wp\/v2\/posts"}],"about":[{"href":"https:\/\/www.prozorivrata.com\/hr\/wp-json\/wp\/v2\/types\/post"}],"author":[{"embeddable":true,"href":"https:\/\/www.prozorivrata.com\/hr\/wp-json\/wp\/v2\/users\/97"}],"replies":[{"embeddable":true,"href":"https:\/\/www.prozorivrata.com\/hr\/wp-json\/wp\/v2\/comments?post=1823"}],"version-history":[{"count":3,"href":"https:\/\/www.prozorivrata.com\/hr\/wp-json\/wp\/v2\/posts\/1823\/revisions"}],"predecessor-version":[{"id":1830,"href":"https:\/\/www.prozorivrata.com\/hr\/wp-json\/wp\/v2\/posts\/1823\/revisions\/1830"}],"wp:featuredmedia":[{"embeddable":true,"href":"https:\/\/www.prozorivrata.com\/hr\/wp-json\/wp\/v2\/media\/1826"}],"wp:attachment":[{"href":"https:\/\/www.prozorivrata.com\/hr\/wp-json\/wp\/v2\/media?parent=1823"}],"wp:term":[{"taxonomy":"category","embeddable":true,"href":"https:\/\/www.prozorivrata.com\/hr\/wp-json\/wp\/v2\/categories?post=1823"},{"taxonomy":"post_tag","embeddable":true,"href":"https:\/\/www.prozorivrata.com\/hr\/wp-json\/wp\/v2\/tags?post=1823"}],"curies":[{"name":"wp","href":"https:\/\/api.w.org\/{rel}","templated":true}]}}