{"id":1563,"date":"2020-06-02T12:07:31","date_gmt":"2020-06-02T12:07:31","guid":{"rendered":"https:\/\/www.prozorivrata.com\/hr\/?p=1563"},"modified":"2020-06-22T11:25:19","modified_gmt":"2020-06-22T11:25:19","slug":"deceuninck-na-virtualnom-sajmu-fensterbau-frontale-2020","status":"publish","type":"post","link":"https:\/\/www.prozorivrata.com\/hr\/deceuninck-na-virtualnom-sajmu-fensterbau-frontale-2020\/","title":{"rendered":"Deceuninck na virtualnom sajmu Fensterbau Frontale 2020"},"content":{"rendered":"<p>Sajam Fensterbau Frontale 2020 bio bi pravo vrijeme i mjesto za predstavljanje najnovijih proizvoda poduze\u0107a <a href=\"http:\/\/www.deceuninck.hr\/\" target=\"_blank\" rel=\"noopener noreferrer\">Deceuninck<\/a> u Europi. Izdanje sajma za 2020. godinu predvi\u0111eno je za europsko uvo\u0111enje nove serije Elegant i platforme iCOR.<\/p>\n<p>Kompletna serija sa svim novim okvirima i krilima bila bi jasno prezentirana u posebnom kutku posve\u0107enom na\u0161im stru\u010dnjacima za proizvode kako bi se posjetiteljima pokazala osvje\u017eavaju\u0107a fleksibilnost koju iCOR donosi. Novi profili od staklenih vlakana sustava <a href=\"http:\/\/www.elegant.deceuninck.com\/hr\" target=\"_blank\" rel=\"noopener noreferrer\">Elegant Thermofibra<\/a> s toplinskim oja\u010danjem Forthex tako\u0111er bi imali zasebni kutak na \u0161tandu.<\/p>\n<p>Po prvi put bi se predstavio Deceuninckov aluminijski sustav, a izlo\u017eili bi se i drugi vrhunski proizvodi s novim dodacima u ponudi kao \u0161to su Deceuninckova rje\u0161enja za roletne kutije Protex 2.0 i Storbox te nova inovativna potkonstrukcija za terase Twinson pod nazivom \u201e<a href=\"http:\/\/www.twinson.com\/\" target=\"_blank\" rel=\"noopener noreferrer\">Twinson Click<\/a>\u201c.<\/p>\n<p>Na\u0161i stru\u010dnjaci za proizvode rezervirali su posebnu \u201eCrnu kutiju\u201c u kojoj bi i kupci imali priliku vidjeti radove na novim proizvodima i inovacijama koji su u tijeku. Napokon, bili bi istaknuti na\u0161i napori da doprinesemo kru\u017enoj ekonomiji.<\/p>\n<p>Na\u017ealost, virus COVID-19 poremetio je sve planove, a zbog njega je \u010dak otkazan i kompletni sajam Fensterbau za ovu godinu. S obzirom na okolnosti to je bila ispravna odluka.<\/p>\n<p>Usprkos tomu Deceuninck i dalje \u017eeli pokazati svoju ponudu koja je pripremljena za sajam Fensterbau. Stoga smo svoj \u0161tand transformirali u digitalnu platformu koju je mogu\u0107e posjetiti putem interneta.<\/p>\n<p>Zanima vas kako izgleda? Preko ove <a href=\"http:\/\/fensterbaufrontale2020.deceuninck.com\/\" target=\"_blank\" rel=\"noopener noreferrer\">poveznice<\/a> pridru\u017eite nam se u virtualnoj \u0161etnji, pogledajte na\u0161e novitete i inspirirajte se na\u0161im idejama!<\/p>\n<p>Za vi\u0161e informacija Deceuninck mo\u017eete pratiti na slu\u017ebenoj <a href=\"https:\/\/www.facebook.com\/deceuninckhr\/\" target=\"_blank\" rel=\"noopener noreferrer\">Facebook stranici<\/a> i <a href=\"https:\/\/www.linkedin.com\/company\/deceuninck-hrvatska\/\" target=\"_blank\" rel=\"noopener noreferrer\">LinkedIn profilu<\/a><\/p>\n<p><img decoding=\"async\" class=\"alignnone wp-image-1530 size-full\" src=\"https:\/\/www.prozorivrata.com\/hr\/wp-content\/uploads\/sites\/4\/2020\/05\/Deceuninck-logo-e1590485084605.jpg\" alt=\"Deceuninck logo\" width=\"150\" height=\"77\" \/><br \/>\n<strong>Inoutic d.o.o.<\/strong><br \/>\nIndustrijska ulica 3,<br \/>\n10370 Dugo Selo, Hrvatska<br \/>\nT. +385 1 2781 350<br \/>\nF. +385 1 2781 351<br \/>\n<a href=\"mailto:info@deceuninck.hr\" target=\"_blank\" rel=\"noopener noreferrer\">info@deceuninck.hr<\/a><br \/>\n<a href=\"http:\/\/www.deceuninck.hr\" target=\"_blank\" rel=\"noopener noreferrer\">www.deceuninck.hr<\/a><\/p>\n","protected":false},"excerpt":{"rendered":"<p>Sajam Fensterbau Frontale 2020 bio bi pravo vrijeme i mjesto za predstavljanje najnovijih proizvoda poduze\u0107a Deceuninck u Europi. Izdanje sajma za 2020. godinu predvi\u0111eno je za europsko uvo\u0111enje nove serije Elegant i platforme iCOR. Kompletna serija sa svim novim okvirima i krilima bila bi jasno prezentirana u posebnom kutku posve\u0107enom na\u0161im stru\u010dnjacima za proizvode kako [&hellip;]<\/p>\n","protected":false},"author":3,"featured_media":1565,"comment_status":"open","ping_status":"closed","sticky":false,"template":"","format":"standard","meta":{"_FSMCFIC_featured_image_caption":"","_FSMCFIC_featured_image_nocaption":"","_FSMCFIC_featured_image_hide":"","footnotes":""},"categories":[47,54],"tags":[79,97],"class_list":["post-1563","post","type-post","status-publish","format-standard","has-post-thumbnail","hentry","category-novosti","category-promo","tag-deceuninck","tag-fenterbau-frontale"],"_links":{"self":[{"href":"https:\/\/www.prozorivrata.com\/hr\/wp-json\/wp\/v2\/posts\/1563","targetHints":{"allow":["GET"]}}],"collection":[{"href":"https:\/\/www.prozorivrata.com\/hr\/wp-json\/wp\/v2\/posts"}],"about":[{"href":"https:\/\/www.prozorivrata.com\/hr\/wp-json\/wp\/v2\/types\/post"}],"author":[{"embeddable":true,"href":"https:\/\/www.prozorivrata.com\/hr\/wp-json\/wp\/v2\/users\/3"}],"replies":[{"embeddable":true,"href":"https:\/\/www.prozorivrata.com\/hr\/wp-json\/wp\/v2\/comments?post=1563"}],"version-history":[{"count":3,"href":"https:\/\/www.prozorivrata.com\/hr\/wp-json\/wp\/v2\/posts\/1563\/revisions"}],"predecessor-version":[{"id":1778,"href":"https:\/\/www.prozorivrata.com\/hr\/wp-json\/wp\/v2\/posts\/1563\/revisions\/1778"}],"wp:featuredmedia":[{"embeddable":true,"href":"https:\/\/www.prozorivrata.com\/hr\/wp-json\/wp\/v2\/media\/1565"}],"wp:attachment":[{"href":"https:\/\/www.prozorivrata.com\/hr\/wp-json\/wp\/v2\/media?parent=1563"}],"wp:term":[{"taxonomy":"category","embeddable":true,"href":"https:\/\/www.prozorivrata.com\/hr\/wp-json\/wp\/v2\/categories?post=1563"},{"taxonomy":"post_tag","embeddable":true,"href":"https:\/\/www.prozorivrata.com\/hr\/wp-json\/wp\/v2\/tags?post=1563"}],"curies":[{"name":"wp","href":"https:\/\/api.w.org\/{rel}","templated":true}]}}