{"id":10094,"date":"2026-09-02T08:59:50","date_gmt":"2026-09-02T07:59:50","guid":{"rendered":"https:\/\/www.prozorivrata.com\/hr\/?p=10094"},"modified":"2026-09-02T08:59:56","modified_gmt":"2026-09-02T07:59:56","slug":"ift-rosenheim-window-facade-konferencija","status":"publish","type":"post","link":"https:\/\/www.prozorivrata.com\/hr\/ift-rosenheim-window-facade-konferencija\/","title":{"rendered":"ift Rosenheim \u201eWindow &amp; Facade\u201c konferencija &#8211; U budu\u0107nost uz znanje i iskustvo"},"content":{"rendered":"\n<p class=\"wp-block-paragraph\">Krize i prilike \u2013 ta dvojnost oblikuje i sada\u0161njost i budu\u0107nost. <strong>Pod motom \u201eU budu\u0107nost uz znanje i iskustvo\u201c <\/strong>detaljno \u0107emo razmotriti mogu\u0107nosti koje se otvaraju za na\u0161u industriju kroz digitalizaciju, umjetnu inteligenciju, nove norme, Uredbu o gra\u0111evnim proizvodima (CPR), inicijativu<strong> \u201eGra\u0111evinski turbo\u201c,<\/strong> rastu\u0107e sigurnosne zahtjeve koje postavljaju dr\u017eava i gra\u0111ani, bogatstvo generacije \u201ebaby boomera\u201c i njihovih nasljednika, kao i nove tehnologije i materijale.<\/p>\n\n\n\n<p class=\"wp-block-paragraph\"><strong>Ugledni predava\u010di pru\u017eit \u0107e vrijedne informacije iz prve ruke, dok \u0107e umre\u017eavanje s kolegama iz struke i stru\u010dnjacima instituta ift Rosenheim otvoriti mogu\u0107nosti za razvoj novih poslovnih ideja i strategija.<\/strong><\/p>\n\n\n\n<p class=\"wp-block-paragraph\">Na po\u010detku doga\u0111anja <strong>prof. dr. sc. Winfried Heusler (ift) i prof. dr. sc. Klaus Sedlbauer <\/strong>(Tehni\u010dko sveu\u010dili\u0161te u M\u00fcnchenu) detaljno \u0107e analizirati utjecaj znanja i iskustva na budu\u0107nost \u2013 najprije kroz temu prozora i fasada, a zatim i kroz \u0161iri pogled na graditeljstvo i \u017eivotni okoli\u0161.<strong> U okviru sredi\u0161nje teme \u201eSigurnost\u201c,<\/strong> ugledni stru\u010dnjak <strong>prof. dr. Peter R. Neumann<\/strong> (King&#8217;s College London) govorit \u0107e o sigurnosnim izazovima budu\u0107nosti, dok \u0107e <strong>Martin Langen<\/strong> (B+L), zajedno s <strong>Frankom Langeom<\/strong> (VFF) i<strong> Jochenom Gr\u00f6negr\u00e4som<\/strong> (BF), predstaviti analizu tr\u017ei\u0161ta prozora za 2027. godinu. U \u010detvrtak \u0107e <strong>prof. Christian Niem\u00f6ller<\/strong> (SMNG) podijeliti najva\u017enije prakti\u010dne savjete iz programa \u201eift-Legal Lab\u201c.<\/p>\n\n\n\n<p class=\"wp-block-paragraph\">Program \u0107e dodatno obogatiti stru\u010dna predavanja o najva\u017enijim tehnolo\u0161kim i normativnim inovacijama, uklju\u010duju\u0107i za\u0161titu od pada kod prozora s grani\u010dnicima otvaranja, zvu\u010dnu izolaciju, zahtjeve za naknadu \u0161tete, kru\u017eno gospodarstvo u graditeljstvu i odr\u017eivost, obnovu objekata pod za\u0161titom kulturne ba\u0161tine, protuprovalnu za\u0161titu i za\u0161titu kriti\u010dne infrastrukture (KRITIS), kao i primjenu tankog stakla te projektiranje staklenih konstrukcija prema Eurokodu 10 u usporedbi s normom DIN 18008.<\/p>\n\n\n<div class=\"wp-block-image\">\n<figure class=\"aligncenter size-large\"><img decoding=\"async\" width=\"683\" height=\"1024\" src=\"https:\/\/www.prozorivrata.com\/hr\/wp-content\/uploads\/sites\/4\/2026\/09\/ift-Rosenheim-Prozori-i-fasade-konferencija-2026-foto-ift-Rosenheim-683x1024.jpg\" alt=\"ift Rosenheim konferencija \u201eWindow &amp; Facade\u201c, 7. i 8. listopada 2026. u Rosenheimu, pod motom \u201eU budu\u0107nost uz znanje i iskustvo\u201c \/ foto: ift Rosenheim\" class=\"wp-image-10099\" srcset=\"https:\/\/www.prozorivrata.com\/hr\/wp-content\/uploads\/sites\/4\/2026\/09\/ift-Rosenheim-Prozori-i-fasade-konferencija-2026-foto-ift-Rosenheim-683x1024.jpg 683w, https:\/\/www.prozorivrata.com\/hr\/wp-content\/uploads\/sites\/4\/2026\/09\/ift-Rosenheim-Prozori-i-fasade-konferencija-2026-foto-ift-Rosenheim-200x300.jpg 200w, https:\/\/www.prozorivrata.com\/hr\/wp-content\/uploads\/sites\/4\/2026\/09\/ift-Rosenheim-Prozori-i-fasade-konferencija-2026-foto-ift-Rosenheim-768x1152.jpg 768w, https:\/\/www.prozorivrata.com\/hr\/wp-content\/uploads\/sites\/4\/2026\/09\/ift-Rosenheim-Prozori-i-fasade-konferencija-2026-foto-ift-Rosenheim-750x1125.jpg 750w, https:\/\/www.prozorivrata.com\/hr\/wp-content\/uploads\/sites\/4\/2026\/09\/ift-Rosenheim-Prozori-i-fasade-konferencija-2026-foto-ift-Rosenheim.jpg 800w\" sizes=\"(max-width: 683px) 100vw, 683px\" \/><figcaption class=\"wp-element-caption\">ift Rosenheim konferencija \u201eWindow &amp; Facade\u201c, 7. i 8. listopada 2026. u Rosenheimu, pod motom \u201eU budu\u0107nost uz znanje i iskustvo\u201c \/ foto: ift Rosenheim<\/figcaption><\/figure>\n<\/div>\n\n\n<p class=\"wp-block-paragraph\">Program \u0107e u utorak biti upotpunjen<strong> \u201eRadionicom za rukovoditelje\u201c,<\/strong> dok \u0107e se u srijedu nave\u010der odr\u017eati \u201eBavarska sve\u010dana ve\u010der\u201c, namijenjena dru\u017eenju, umre\u017eavanju i neformalnoj razmjeni iskustava.<\/p>\n\n\n\n<p class=\"wp-block-paragraph\">Mnogi stru\u010dnjaci iz industrije prozora i fasada trenuta\u010dno ne vide jasan izlaz iz izazovne situacije, osobito tvrtke usmjerene na novogradnju i stambenu izgradnju. U ovom je trenutku te\u0161ko predvidjeti kada \u0107e do\u0107i do o\u010dekivanog sna\u017enijeg oporavka tr\u017ei\u0161ta, iako <strong>Martin Langen<\/strong> (B+L), zajedno s<strong> Frankom Langeom<\/strong> (VFF) i <strong>Jochenom Gr\u00f6negr\u00e4som<\/strong> (BF), u svojoj analizi tr\u017ei\u0161ta prozora za 2027. godinu vrlo detaljno \u201ezaviruje u kristalnu kuglu\u201c. Srednjoro\u010dne i dugoro\u010dne perspektive ipak su povoljne jer nedostatak cjenovno pristupa\u010dnih stambenih objekata, prilagodba klimatskim promjenama te obnova i modernizacija infrastrukture stvaraju zna\u010dajnu potrebu za ulaganjima, pri \u010demu su financijska sredstva u osnovi dostupna.<\/p>\n\n\n\n<p class=\"wp-block-paragraph\"><strong>Konferencija ift Rosenheim \u201eProzori i fasade 2026\u201c konferencija pru\u017eit \u0107e jasne smjernice i pouzdane informacije kako bi donositelji odluka u tvrtkama mogli na najbolji na\u010din pripremiti svoje poslovanje za o\u010dekivani gospodarski oporavak.<\/strong><\/p>\n\n\n\n<p class=\"wp-block-paragraph\">U srijedu \u0107e <strong>prof. dr. sc. Winfried Heusler,<\/strong> direktor instituta ift Rosenheim, otvoriti ciklus predavanja izlaganjem pod nazivom<strong> \u201eU budu\u0107nost uz znanje i iskustvo \u2013 Prozori i fasade ju\u010der, danas i sutra\u201c.<\/strong> Raspravi \u0107e se pridru\u017eiti i <strong>prof. dr. sc. Klaus Sedlbauer<\/strong> (Tehni\u010dko sveu\u010dili\u0161te u M\u00fcnchenu), jedan od vode\u0107ih stru\u010dnjaka u podru\u010dju graditeljstva, koji \u0107e kroz predavanje<strong> \u201eGradnja za ljude i okoli\u0161\u201c<\/strong> predstaviti \u0161iru perspektivu razvoja gra\u0111evinske industrije.<\/p>\n\n\n\n<p class=\"wp-block-paragraph\">Konferencija \u0107e u srijedu biti zaklju\u010dena predavanjem me\u0111unarodno priznatog stru\u010dnjaka za sigurnost <strong>prof. dr. Petera R. Neumanna <\/strong>(King&#8217;s College London) pod nazivom <strong>\u201eEuropa na ni\u0161anu \u2013 Koje sile i skupine ugro\u017eavaju na\u0161u sigurnost i kako se dru\u0161tvo i gospodarstvo mogu pripremiti\u201c.<\/strong><\/p>\n\n\n\n<p class=\"wp-block-paragraph\">U \u010detvrtak \u0107e<strong> prof. Christian Niem\u00f6ller<\/strong> (SMNG odvjetni\u010dko dru\u0161tvo) pru\u017eiti ekskluzivan uvid u rad<strong> \u201eift-Legal Laba\u201c<\/strong>, uz niz prakti\u010dnih pravnih savjeta namijenjenih sudionicima.<\/p>\n\n\n\n<p class=\"wp-block-paragraph\">U okviru sesije<strong> \u201eStru\u010dnjaci za prozore i fasade\u201c, <\/strong>stru\u010dnjak instituta <strong>ift Rosenheim<\/strong> predstavit \u0107e preporuke za projektiranje i izvedbu za\u0161tite od pada kod prozora s grani\u010dnicima otvaranja, uz dopunu pravnim aspektima koje \u0107e pojasniti <strong>prof. Niem\u00f6ller<\/strong>, dok \u0107e <strong>Bernd Sa\u00df<\/strong> (ift Rosenheim) predstaviti najnovije informacije o a\u017euriranim parametrima akusti\u010dkih svojstava i metodama njihova dokazivanja.<strong> Henner Klaas,<\/strong> stru\u010dnjak instituta ift Rosenheim, zaklju\u010dit \u0107e sesiju korisnim uvidima u tipi\u010dne slu\u010dajeve o\u0161te\u0107enja prozorskih konstrukcija te na\u010dinima njihove prevencije i sanacije.<\/p>\n\n\n\n<p class=\"wp-block-paragraph\">U \u010detvrtak \u0107e sesija<strong> \u201eBudu\u0107nost graditeljstva\u201c <\/strong>biti posve\u0107ena temi <strong>\u201eBudu\u0107nost fasada \u2013 resursno u\u010dinkovita, klimatski prihvatljiva i kru\u017ena rje\u0161enja\u201c<\/strong>, koju \u0107e predstaviti<strong> prof. dr. sc. Lucio Blandini <\/strong>(Sveu\u010dili\u0161te u Stuttgartu).<strong> Norbert Sack<\/strong> (ift Rosenheim) nadopunit \u0107e ovu temu pregledom aktualnih razvoja i zahtjeva u podru\u010dju kru\u017ene gradnje, recikliranja i odr\u017eivosti.<\/p>\n\n\n<div class=\"wp-block-image\">\n<figure class=\"aligncenter size-large\"><img decoding=\"async\" width=\"1024\" height=\"683\" src=\"https:\/\/www.prozorivrata.com\/hr\/wp-content\/uploads\/sites\/4\/2026\/09\/organizovan-obilazak-laboratoriju-uz-prakticne-demonstracije-foto-ift-Rosenheim-1024x683.jpg\" alt=\"Organizirani obilazak laboratorija uz prakti\u010dne demonstracije pru\u017ea zanimljiv uvid u rad laboratorija instituta ift Rosenheim \/ foto: ift Rosenheim\" class=\"wp-image-10098\" srcset=\"https:\/\/www.prozorivrata.com\/hr\/wp-content\/uploads\/sites\/4\/2026\/09\/organizovan-obilazak-laboratoriju-uz-prakticne-demonstracije-foto-ift-Rosenheim-1024x683.jpg 1024w, https:\/\/www.prozorivrata.com\/hr\/wp-content\/uploads\/sites\/4\/2026\/09\/organizovan-obilazak-laboratoriju-uz-prakticne-demonstracije-foto-ift-Rosenheim-300x200.jpg 300w, https:\/\/www.prozorivrata.com\/hr\/wp-content\/uploads\/sites\/4\/2026\/09\/organizovan-obilazak-laboratoriju-uz-prakticne-demonstracije-foto-ift-Rosenheim-768x512.jpg 768w, https:\/\/www.prozorivrata.com\/hr\/wp-content\/uploads\/sites\/4\/2026\/09\/organizovan-obilazak-laboratoriju-uz-prakticne-demonstracije-foto-ift-Rosenheim-750x500.jpg 750w, https:\/\/www.prozorivrata.com\/hr\/wp-content\/uploads\/sites\/4\/2026\/09\/organizovan-obilazak-laboratoriju-uz-prakticne-demonstracije-foto-ift-Rosenheim-1140x760.jpg 1140w, https:\/\/www.prozorivrata.com\/hr\/wp-content\/uploads\/sites\/4\/2026\/09\/organizovan-obilazak-laboratoriju-uz-prakticne-demonstracije-foto-ift-Rosenheim.jpg 1200w\" sizes=\"(max-width: 1024px) 100vw, 1024px\" \/><figcaption class=\"wp-element-caption\">Organizirani obilazak laboratorija uz prakti\u010dne demonstracije pru\u017ea zanimljiv uvid u rad laboratorija instituta ift Rosenheim \/ foto: ift Rosenheim<\/figcaption><\/figure>\n<\/div>\n\n\n<p class=\"wp-block-paragraph\">U okviru sesije<strong> \u201eProjekti prozora i fasada\u201c, prof. dr. Andreas Putz<\/strong> (Tehni\u010dko sveu\u010dili\u0161te u M\u00fcnchenu) pokazat \u0107e kako se uspje\u0161no mogu provesti projekti obnove prozora i fasada na objektima pod za\u0161titom kulturne ba\u0161tine, dok \u0107e <strong>Detlef Timm<\/strong> (Hans Timm Fensterbau) predstaviti prakti\u010dna iskustva u energetski u\u010dinkovitoj obnovi dvostrukih prozora.<\/p>\n\n\n\n<p class=\"wp-block-paragraph\">U zanimljivoj sesiji<strong> \u201eSigurnost i otpornost\u201c, Josef Moosreiner,<\/strong> iskusni stru\u010dnjak Bavarskog pokrajinskog kriminalisti\u010dkog ureda (LKA), govorit \u0107e o tome kako cjeloviti sigurnosni koncepti koji objedinjuju protuprovalnu za\u0161titu i elektroni\u010dke sustave mogu pridonijeti boljoj za\u0161titi kriti\u010dne infrastrukture. <strong>Robert Krippahl <\/strong>(ift Rosenheim) detaljno \u0107e objasniti kako se procjenjuje i dokazuje \u201eFizi\u010dka sigurnost zgrada \u2013 za\u0161tita od prirodnih nepogoda i vandalizma\u201c, \u0161to predstavlja nu\u017ean preduvjet za profesionalno projektiranje, izradu natje\u010dajne dokumentacije i izvo\u0111enje radova.<\/p>\n\n\n\n<p class=\"wp-block-paragraph\">U sesiji <strong>\u201eStaklo za prozore i fasade\u201c, Michael Elstner<\/strong> (ift Rosenheim) pokazat \u0107e kako se tanko staklo mo\u017ee uspje\u0161no primijeniti u praksi te kako izbje\u0107i mogu\u0107e probleme pri njegovoj uporabi. <strong>Prof. dr. sc. Ruth Kasper<\/strong> (Tehni\u010dko sveu\u010dili\u0161te primijenjenih znanosti u K\u00f6lnu) objasnit \u0107e kakve posljedice primjena Eurokoda 10 ima na projektiranje staklenih konstrukcija prema normi DIN 18008.<\/p>\n\n\n\n<p class=\"wp-block-paragraph\">U \u010detvrtak poslijepodne, nakon zavr\u0161etka predavanja, sudionici \u0107e imati priliku zaviriti iza kulisa rada<a href=\"https:\/\/www.prozorivrata.com\/hr\/ift-rosenheim-slavi-60-godina-postojanja\/\" target=\"_blank\" rel=\"noreferrer noopener\"> instituta<strong> ift Rosenheim.<\/strong> <\/a>Tijekom organiziranog obilaska uz prakti\u010dne demonstracije upoznat \u0107e svakodnevni rad <strong>Tehnolo\u0161kog centra ift Rosenheim<\/strong>, Laboratorija za gra\u0111evinsku akustiku i fasade (Oberfeld), kao i Sredi\u0161njeg laboratorija.<\/p>\n\n\n\n<p class=\"wp-block-paragraph\">Na taj na\u010din<strong> ift Rosenheim \u201eProzori i fasade 2026\u201c konferencija<\/strong> iz mno\u0161tva informacija izdvaja upravo one teme koje su najva\u017enije donositeljima odluka u industriji prozora i fasada \u2013 jer je potrebno odgovoriti na nove zahtjeve i iskoristiti nove poslovne prilike.<\/p>\n\n\n<div class=\"wp-block-image\">\n<figure class=\"aligncenter size-large\"><img decoding=\"async\" width=\"1024\" height=\"684\" src=\"https:\/\/www.prozorivrata.com\/hr\/wp-content\/uploads\/sites\/4\/2026\/09\/Bavarsko-svecano-vece-na-kraju-prvog-konferencijskog-dana-foto-ift-Rosenheim-1024x684.jpg\" alt=\"\u201eBavarska sve\u010dana ve\u010der\u201c, uz bavarsko gostoprimstvo, vrtuljak s p\u0161eni\u010dnim pivom, veliki bar i DJ-a, predstavlja idealan zavr\u0161etak prvog dana konferencije \/ foto: ift Rosenheim\" class=\"wp-image-10097\" srcset=\"https:\/\/www.prozorivrata.com\/hr\/wp-content\/uploads\/sites\/4\/2026\/09\/Bavarsko-svecano-vece-na-kraju-prvog-konferencijskog-dana-foto-ift-Rosenheim-1024x684.jpg 1024w, https:\/\/www.prozorivrata.com\/hr\/wp-content\/uploads\/sites\/4\/2026\/09\/Bavarsko-svecano-vece-na-kraju-prvog-konferencijskog-dana-foto-ift-Rosenheim-300x200.jpg 300w, https:\/\/www.prozorivrata.com\/hr\/wp-content\/uploads\/sites\/4\/2026\/09\/Bavarsko-svecano-vece-na-kraju-prvog-konferencijskog-dana-foto-ift-Rosenheim-768x513.jpg 768w, https:\/\/www.prozorivrata.com\/hr\/wp-content\/uploads\/sites\/4\/2026\/09\/Bavarsko-svecano-vece-na-kraju-prvog-konferencijskog-dana-foto-ift-Rosenheim-750x501.jpg 750w, https:\/\/www.prozorivrata.com\/hr\/wp-content\/uploads\/sites\/4\/2026\/09\/Bavarsko-svecano-vece-na-kraju-prvog-konferencijskog-dana-foto-ift-Rosenheim-1140x761.jpg 1140w, https:\/\/www.prozorivrata.com\/hr\/wp-content\/uploads\/sites\/4\/2026\/09\/Bavarsko-svecano-vece-na-kraju-prvog-konferencijskog-dana-foto-ift-Rosenheim.jpg 1200w\" sizes=\"(max-width: 1024px) 100vw, 1024px\" \/><figcaption class=\"wp-element-caption\">\u201eBavarska sve\u010dana ve\u010der\u201c, uz bavarsko gostoprimstvo, vrtuljak s p\u0161eni\u010dnim pivom, veliki bar i DJ-a, predstavlja idealan zavr\u0161etak prvog dana konferencije \/ foto: ift Rosenheim<\/figcaption><\/figure>\n<\/div>\n\n\n<p class=\"wp-block-paragraph\">Uz stru\u010dna predavanja, bit \u0107e dovoljno vremena za razgovore i razmjenu iskustava s predstavnicima industrije, proizvo\u0111a\u010dima, institucijama i stru\u010dnjacima instituta<strong> ift Rosenheim <\/strong>\u2013 bilo na<strong> \u201eift Mjestu susreta\u201c<\/strong>, u kongresnom centru ili tijekom tradicionalne<strong> \u201eBavarske sve\u010dane ve\u010deri\u201c.<\/strong> U godini u kojoj institut ift Rosenheim obilje\u017eava 60 godina postojanja, sudionike o\u010dekuje autenti\u010dno bavarsko gostoprimstvo uz vrtuljak s to\u010denim p\u0161eni\u010dnim pivom, veliki barski prostor i nastup DJ-a, \u0161to predstavlja idealan zavr\u0161etak prvoga konferencijskog dana.<\/p>\n\n\n\n<p class=\"wp-block-paragraph\">Na <strong>\u201eRadionici za rukovoditelje\u201c<\/strong>, namijenjenoj menad\u017eerima, vlasnicima tvrtki i njihovim nasljednicima, iskusni poslovni trener <strong>prof. dr. Stefan Lackner<\/strong> podijelit \u0107e prakti\u010dne savjete i alate koji \u0107e pomo\u0107i sudionicima da uspje\u0161no odgovore na izazove upravljanja, komunikacije i vo\u0111enja.<\/p>\n\n\n\n<p class=\"wp-block-paragraph\">Cjelokupan program konferencije i prijavni obrazac dostupni su na <a href=\"https:\/\/www.fenstertage.de\" target=\"_blank\" rel=\"noreferrer noopener\">slu\u017ebenoj internetskoj stranici<\/a>.<\/p>\n\n\n\n<figure class=\"wp-block-image is-resized\"><img decoding=\"async\" width=\"76\" height=\"89\" src=\"https:\/\/www.prozorivrata.com\/hr\/wp-content\/uploads\/sites\/4\/2024\/09\/image-2.png\" alt=\"image 2\" class=\"wp-image-7834\" style=\"width:92px;height:auto\" \/><\/figure>\n\n\n\n<p class=\"wp-block-paragraph\"><strong>ift Rosenheim<\/strong><br>Theodor-Gietl-Stra\u00dfe 7-9, 83026 Rosenheim, Germany<br>T +49 (08031) 261 0<br>F +49 (08031) 261 290<br><a href=\"mailto:info@ift-rosenheim.de\" target=\"_blank\" rel=\"noreferrer noopener\">info@ift-rosenheim.de<\/a><br><a href=\"http:\/\/www.ift-rosenheim.de\/\" target=\"_blank\" rel=\"noreferrer noopener\">www.ift-rosenheim.de<\/a><\/p>\n","protected":false},"excerpt":{"rendered":"<p>Krize i prilike \u2013 ta dvojnost oblikuje i sada\u0161njost i budu\u0107nost. Pod motom \u201eU budu\u0107nost uz znanje i iskustvo\u201c detaljno \u0107emo razmotriti mogu\u0107nosti koje se otvaraju za na\u0161u industriju kroz digitalizaciju, umjetnu inteligenciju, nove norme, Uredbu o gra\u0111evnim proizvodima (CPR), inicijativu \u201eGra\u0111evinski turbo\u201c, rastu\u0107e sigurnosne zahtjeve koje postavljaju dr\u017eava i gra\u0111ani, bogatstvo generacije \u201ebaby boomera\u201c [&hellip;]<\/p>\n","protected":false},"author":130,"featured_media":10100,"comment_status":"closed","ping_status":"closed","sticky":false,"template":"","format":"standard","meta":{"_FSMCFIC_featured_image_caption":"","_FSMCFIC_featured_image_nocaption":"","_FSMCFIC_featured_image_hide":"","footnotes":""},"categories":[7,54,2],"tags":[1200,171,232],"class_list":["post-10094","post","type-post","status-publish","format-standard","has-post-thumbnail","hentry","category-fasade","category-promo","category-svijet-prozora","tag-dogadaj","tag-ift-rosenheim","tag-konferencija"],"_links":{"self":[{"href":"https:\/\/www.prozorivrata.com\/hr\/wp-json\/wp\/v2\/posts\/10094","targetHints":{"allow":["GET"]}}],"collection":[{"href":"https:\/\/www.prozorivrata.com\/hr\/wp-json\/wp\/v2\/posts"}],"about":[{"href":"https:\/\/www.prozorivrata.com\/hr\/wp-json\/wp\/v2\/types\/post"}],"author":[{"embeddable":true,"href":"https:\/\/www.prozorivrata.com\/hr\/wp-json\/wp\/v2\/users\/130"}],"replies":[{"embeddable":true,"href":"https:\/\/www.prozorivrata.com\/hr\/wp-json\/wp\/v2\/comments?post=10094"}],"version-history":[{"count":4,"href":"https:\/\/www.prozorivrata.com\/hr\/wp-json\/wp\/v2\/posts\/10094\/revisions"}],"predecessor-version":[{"id":10102,"href":"https:\/\/www.prozorivrata.com\/hr\/wp-json\/wp\/v2\/posts\/10094\/revisions\/10102"}],"wp:featuredmedia":[{"embeddable":true,"href":"https:\/\/www.prozorivrata.com\/hr\/wp-json\/wp\/v2\/media\/10100"}],"wp:attachment":[{"href":"https:\/\/www.prozorivrata.com\/hr\/wp-json\/wp\/v2\/media?parent=10094"}],"wp:term":[{"taxonomy":"category","embeddable":true,"href":"https:\/\/www.prozorivrata.com\/hr\/wp-json\/wp\/v2\/categories?post=10094"},{"taxonomy":"post_tag","embeddable":true,"href":"https:\/\/www.prozorivrata.com\/hr\/wp-json\/wp\/v2\/tags?post=10094"}],"curies":[{"name":"wp","href":"https:\/\/api.w.org\/{rel}","templated":true}]}}